{"id":1421,"date":"2022-11-02T10:37:00","date_gmt":"2022-11-02T09:37:00","guid":{"rendered":"http:\/\/www.radiokalon.com\/?p=1421"},"modified":"2022-11-02T22:43:58","modified_gmt":"2022-11-02T21:43:58","slug":"nuits-soniques-auray","status":"publish","type":"post","link":"https:\/\/radiokalon.com\/index.php\/2022\/11\/02\/nuits-soniques-auray\/","title":{"rendered":"Bonnes Nuits Soniques !"},"content":{"rendered":"\n<figure class=\"wp-block-image size-full\"><img loading=\"lazy\" decoding=\"async\" width=\"915\" height=\"686\" src=\"https:\/\/radiokalon-wp.kaz.bzh\/wp-content\/uploads\/2022\/11\/les-nuits-soniques.jpg\" alt=\"\" class=\"wp-image-1427\" srcset=\"https:\/\/radiokalon.com\/wp-content\/uploads\/2022\/11\/les-nuits-soniques.jpg 915w, https:\/\/radiokalon.com\/wp-content\/uploads\/2022\/11\/les-nuits-soniques-300x225.jpg 300w, https:\/\/radiokalon.com\/wp-content\/uploads\/2022\/11\/les-nuits-soniques-768x576.jpg 768w, https:\/\/radiokalon.com\/wp-content\/uploads\/2022\/11\/les-nuits-soniques-400x300.jpg 400w\" sizes=\"auto, (max-width: 915px) 100vw, 915px\" \/><\/figure>\n\n\n\n<p>Les 30 septembre et 1er octobre derniers, nous avions l&#8217;honneur de participer aux Nuits Soniques \u00e0 Auray. Une premi\u00e8re journ\u00e9e du vendredi avec une \u00e9mission anim\u00e9e par les r\u00e9sidents du foyer Kerudo, Oc\u00e9ane, France, Jordan, Guillaume, Brendan, Ivan et Julien.<\/p>\n\n\n\n<p>La deuxi\u00e8me \u00e9mission (le samedi) \u00e9tait anim\u00e9e par notre \u00e9quipe de b\u00e9n\u00e9voles, Kevin, Louis et Julien. <\/p>\n\n\n\n<p>Pendant les deux \u00e9missions, nous avons re\u00e7u de nombreux intervenants au micro &#8211; notamment Fabien (pr\u00e9sident de l&#8217;association GARATOI, cette m\u00eame association qui g\u00e8re le festival), Patrick (b\u00e9n\u00e9vole aux Nuits Soniques), le sc\u00e9nographe Andr\u00e9a. Et \u00e9galement les artistes du festival, comme TON3RR3, Ile de Garde, Uzi Freyja, Antoine Antoine Antoine. Retrouvez les interviews dans la rubrique &#8220;Nuits Soniques&#8221; !<\/p>\n\n\n\n<p><a href=\"https:\/\/radiokalon-wp.kaz.bzh\/index.php\/podcasts\/\">Podcasts \u2013 Radio Kalon<\/a> <\/p>\n","protected":false},"excerpt":{"rendered":"<p>Les 30 septembre et 1er octobre derniers, nous avions l&#8217;honneur de participer aux Nuits Soniques \u00e0 Auray. Une premi\u00e8re journ\u00e9e du vendredi avec une \u00e9mission anim\u00e9e par les r\u00e9sidents du foyer Kerudo, Oc\u00e9ane, France, Jordan, Guillaume, Brendan, Ivan et Julien. La deuxi\u00e8me \u00e9mission (le samedi) \u00e9tait anim\u00e9e par notre \u00e9quipe de b\u00e9n\u00e9voles, Kevin, Louis et [&hellip;]<\/p>\n","protected":false},"author":2,"featured_media":1427,"comment_status":"open","ping_status":"open","sticky":false,"template":"","format":"standard","meta":{"footnotes":""},"categories":[16],"tags":[],"class_list":["post-1421","post","type-post","status-publish","format-standard","has-post-thumbnail","hentry","category-non-classe-fr"],"_links":{"self":[{"href":"https:\/\/radiokalon.com\/index.php\/wp-json\/wp\/v2\/posts\/1421","targetHints":{"allow":["GET"]}}],"collection":[{"href":"https:\/\/radiokalon.com\/index.php\/wp-json\/wp\/v2\/posts"}],"about":[{"href":"https:\/\/radiokalon.com\/index.php\/wp-json\/wp\/v2\/types\/post"}],"author":[{"embeddable":true,"href":"https:\/\/radiokalon.com\/index.php\/wp-json\/wp\/v2\/users\/2"}],"replies":[{"embeddable":true,"href":"https:\/\/radiokalon.com\/index.php\/wp-json\/wp\/v2\/comments?post=1421"}],"version-history":[{"count":4,"href":"https:\/\/radiokalon.com\/index.php\/wp-json\/wp\/v2\/posts\/1421\/revisions"}],"predecessor-version":[{"id":1469,"href":"https:\/\/radiokalon.com\/index.php\/wp-json\/wp\/v2\/posts\/1421\/revisions\/1469"}],"wp:featuredmedia":[{"embeddable":true,"href":"https:\/\/radiokalon.com\/index.php\/wp-json\/wp\/v2\/media\/1427"}],"wp:attachment":[{"href":"https:\/\/radiokalon.com\/index.php\/wp-json\/wp\/v2\/media?parent=1421"}],"wp:term":[{"taxonomy":"category","embeddable":true,"href":"https:\/\/radiokalon.com\/index.php\/wp-json\/wp\/v2\/categories?post=1421"},{"taxonomy":"post_tag","embeddable":true,"href":"https:\/\/radiokalon.com\/index.php\/wp-json\/wp\/v2\/tags?post=1421"}],"curies":[{"name":"wp","href":"https:\/\/api.w.org\/{rel}","templated":true}]}}