{"id":1865,"date":"2023-02-23T16:31:07","date_gmt":"2023-02-23T15:31:07","guid":{"rendered":"http:\/\/www.radiokalon.com\/?p=1865"},"modified":"2023-02-23T16:34:04","modified_gmt":"2023-02-23T15:34:04","slug":"vive-le-foot-adapte-au-stade-landevantais","status":"publish","type":"post","link":"https:\/\/radiokalon.com\/index.php\/2023\/02\/23\/vive-le-foot-adapte-au-stade-landevantais\/","title":{"rendered":"Vive le foot adapt\u00e9 au stade Landevantais !"},"content":{"rendered":"\n<p>Nouvelle \u00e9mission des r\u00e9sidents du Foyer Kerudo d&#8217;Auray en direct du Stade Landevantais ! Avec Marie-H\u00e9l\u00e8ne, J\u00e9r\u00f4me, Nicolas, St\u00e9phane, Benjamin et Julien, on part \u00e0 la d\u00e9couverte du foot adapt\u00e9 ! Un podcast \u00e0 \u00e9couter sur le https:\/\/radiokalon-wp.kaz.bzh\/index.php\/podcasts\/ Rubrique FOYER KERUDO podcast n\u00b09 ! Bonne \u00e9coute avec C\u0153ur comme KALON !<\/p>\n\n\n\n<figure class=\"wp-block-image size-full is-resized\"><img loading=\"lazy\" decoding=\"async\" src=\"https:\/\/radiokalon-wp.kaz.bzh\/wp-content\/uploads\/2023\/02\/331068626_583158176732794_7827071798633089512_n.jpg\" alt=\"\" class=\"wp-image-1869\" width=\"839\" height=\"1118\" srcset=\"https:\/\/radiokalon.com\/wp-content\/uploads\/2023\/02\/331068626_583158176732794_7827071798633089512_n.jpg 526w, https:\/\/radiokalon.com\/wp-content\/uploads\/2023\/02\/331068626_583158176732794_7827071798633089512_n-225x300.jpg 225w\" sizes=\"auto, (max-width: 839px) 100vw, 839px\" \/><\/figure>\n","protected":false},"excerpt":{"rendered":"<p>Nouvelle \u00e9mission des r\u00e9sidents du Foyer Kerudo d&#8217;Auray en direct du Stade Landevantais ! Avec Marie-H\u00e9l\u00e8ne, J\u00e9r\u00f4me, Nicolas, St\u00e9phane, Benjamin et Julien, on part \u00e0 la d\u00e9couverte du foot adapt\u00e9 ! Un podcast \u00e0 \u00e9couter sur le https:\/\/radiokalon-wp.kaz.bzh\/index.php\/podcasts\/ Rubrique FOYER KERUDO podcast n\u00b09 ! Bonne \u00e9coute avec C\u0153ur comme KALON !<\/p>\n","protected":false},"author":2,"featured_media":1866,"comment_status":"open","ping_status":"open","sticky":false,"template":"","format":"standard","meta":{"footnotes":""},"categories":[16],"tags":[],"class_list":["post-1865","post","type-post","status-publish","format-standard","has-post-thumbnail","hentry","category-non-classe-fr"],"_links":{"self":[{"href":"https:\/\/radiokalon.com\/index.php\/wp-json\/wp\/v2\/posts\/1865","targetHints":{"allow":["GET"]}}],"collection":[{"href":"https:\/\/radiokalon.com\/index.php\/wp-json\/wp\/v2\/posts"}],"about":[{"href":"https:\/\/radiokalon.com\/index.php\/wp-json\/wp\/v2\/types\/post"}],"author":[{"embeddable":true,"href":"https:\/\/radiokalon.com\/index.php\/wp-json\/wp\/v2\/users\/2"}],"replies":[{"embeddable":true,"href":"https:\/\/radiokalon.com\/index.php\/wp-json\/wp\/v2\/comments?post=1865"}],"version-history":[{"count":3,"href":"https:\/\/radiokalon.com\/index.php\/wp-json\/wp\/v2\/posts\/1865\/revisions"}],"predecessor-version":[{"id":1871,"href":"https:\/\/radiokalon.com\/index.php\/wp-json\/wp\/v2\/posts\/1865\/revisions\/1871"}],"wp:featuredmedia":[{"embeddable":true,"href":"https:\/\/radiokalon.com\/index.php\/wp-json\/wp\/v2\/media\/1866"}],"wp:attachment":[{"href":"https:\/\/radiokalon.com\/index.php\/wp-json\/wp\/v2\/media?parent=1865"}],"wp:term":[{"taxonomy":"category","embeddable":true,"href":"https:\/\/radiokalon.com\/index.php\/wp-json\/wp\/v2\/categories?post=1865"},{"taxonomy":"post_tag","embeddable":true,"href":"https:\/\/radiokalon.com\/index.php\/wp-json\/wp\/v2\/tags?post=1865"}],"curies":[{"name":"wp","href":"https:\/\/api.w.org\/{rel}","templated":true}]}}