{"id":1890,"date":"2023-02-23T17:11:31","date_gmt":"2023-02-23T16:11:31","guid":{"rendered":"http:\/\/www.radiokalon.com\/?p=1890"},"modified":"2023-02-24T09:36:25","modified_gmt":"2023-02-24T08:36:25","slug":"reprise-des-emissions-au-dga-de-saint-ave","status":"publish","type":"post","link":"https:\/\/radiokalon.com\/index.php\/2023\/02\/23\/reprise-des-emissions-au-dga-de-saint-ave\/","title":{"rendered":"Reprise des \u00e9missions au DGA de Saint-Av\u00e9 !"},"content":{"rendered":"\n<p>Avec Alix qui rejoint &#8211; Bienvenue \u00e0 Alix &#8211; notre \u00e9quipe de choc toujours fid\u00e8le au poste &#8211; Lucie, Kevin, Fran\u00e7ois et Richard !<br>Au sommaire de cette nouvelle \u00e9mission, l&#8217;affaire Palmade, les actualit\u00e9s des membres de l&#8217;\u00e9quipe et la Saint Valentin !<br>Un podcast \u00e0 \u00e9couter sur le https:\/\/radiokalon-wp.kaz.bzh\/index.php\/podcasts\/ Rubrique DGA Saint-Av\u00e9 podcast n\u00b030 ! Bonne \u00e9coute avec C\u0153ur comme KALON !<\/p>\n\n\n\n<figure class=\"wp-block-gallery has-nested-images columns-default is-cropped wp-block-gallery-1 is-layout-flex wp-block-gallery-is-layout-flex\">\n<figure class=\"wp-block-image size-large\"><img loading=\"lazy\" decoding=\"async\" width=\"717\" height=\"540\" data-id=\"1891\" src=\"https:\/\/radiokalon-wp.kaz.bzh\/wp-content\/uploads\/2023\/02\/330969035_5820563094709093_5235183836988329598_n-1.jpg\" alt=\"\" class=\"wp-image-1891\" srcset=\"https:\/\/radiokalon.com\/wp-content\/uploads\/2023\/02\/330969035_5820563094709093_5235183836988329598_n-1.jpg 717w, https:\/\/radiokalon.com\/wp-content\/uploads\/2023\/02\/330969035_5820563094709093_5235183836988329598_n-1-300x226.jpg 300w, https:\/\/radiokalon.com\/wp-content\/uploads\/2023\/02\/330969035_5820563094709093_5235183836988329598_n-1-398x300.jpg 398w\" sizes=\"auto, (max-width: 717px) 100vw, 717px\" \/><\/figure>\n<\/figure>\n","protected":false},"excerpt":{"rendered":"<p>Avec Alix qui rejoint &#8211; Bienvenue \u00e0 Alix &#8211; notre \u00e9quipe de choc toujours fid\u00e8le au poste &#8211; Lucie, Kevin, Fran\u00e7ois et Richard !Au sommaire de cette nouvelle \u00e9mission, l&#8217;affaire Palmade, les actualit\u00e9s des membres de l&#8217;\u00e9quipe et la Saint Valentin !Un podcast \u00e0 \u00e9couter sur le https:\/\/radiokalon-wp.kaz.bzh\/index.php\/podcasts\/ Rubrique DGA Saint-Av\u00e9 podcast n\u00b030 ! Bonne [&hellip;]<\/p>\n","protected":false},"author":2,"featured_media":1896,"comment_status":"open","ping_status":"open","sticky":false,"template":"","format":"standard","meta":{"footnotes":""},"categories":[16],"tags":[],"class_list":["post-1890","post","type-post","status-publish","format-standard","has-post-thumbnail","hentry","category-non-classe-fr"],"_links":{"self":[{"href":"https:\/\/radiokalon.com\/index.php\/wp-json\/wp\/v2\/posts\/1890","targetHints":{"allow":["GET"]}}],"collection":[{"href":"https:\/\/radiokalon.com\/index.php\/wp-json\/wp\/v2\/posts"}],"about":[{"href":"https:\/\/radiokalon.com\/index.php\/wp-json\/wp\/v2\/types\/post"}],"author":[{"embeddable":true,"href":"https:\/\/radiokalon.com\/index.php\/wp-json\/wp\/v2\/users\/2"}],"replies":[{"embeddable":true,"href":"https:\/\/radiokalon.com\/index.php\/wp-json\/wp\/v2\/comments?post=1890"}],"version-history":[{"count":5,"href":"https:\/\/radiokalon.com\/index.php\/wp-json\/wp\/v2\/posts\/1890\/revisions"}],"predecessor-version":[{"id":1900,"href":"https:\/\/radiokalon.com\/index.php\/wp-json\/wp\/v2\/posts\/1890\/revisions\/1900"}],"wp:featuredmedia":[{"embeddable":true,"href":"https:\/\/radiokalon.com\/index.php\/wp-json\/wp\/v2\/media\/1896"}],"wp:attachment":[{"href":"https:\/\/radiokalon.com\/index.php\/wp-json\/wp\/v2\/media?parent=1890"}],"wp:term":[{"taxonomy":"category","embeddable":true,"href":"https:\/\/radiokalon.com\/index.php\/wp-json\/wp\/v2\/categories?post=1890"},{"taxonomy":"post_tag","embeddable":true,"href":"https:\/\/radiokalon.com\/index.php\/wp-json\/wp\/v2\/tags?post=1890"}],"curies":[{"name":"wp","href":"https:\/\/api.w.org\/{rel}","templated":true}]}}