{"id":2688,"date":"2025-04-11T10:09:26","date_gmt":"2025-04-11T08:09:26","guid":{"rendered":"https:\/\/radiokalon-wp.kaz.bzh\/?p=2688"},"modified":"2025-04-11T10:09:26","modified_gmt":"2025-04-11T08:09:26","slug":"radio-kalon-au-forum-social-local-de-sene","status":"publish","type":"post","link":"https:\/\/radiokalon.com\/index.php\/2025\/04\/11\/radio-kalon-au-forum-social-local-de-sene\/","title":{"rendered":"Radio KALON au Forum Social Local de S\u00e9n\u00e9!"},"content":{"rendered":"\n<p>Le Forum Social Local de S\u00e9n\u00e9 \u00e0 nouveau \u2013 avec les rencontres avec Ana PICH, autrice BD de \u201cChroniques de l\u2019injustice ordinaire\u201d, les soul\u00e8vements de la Terre, l\u2019association KAZ \u2013 l\u2019occasion d\u2019une belle \u00e9mission anim\u00e9e par des apprenants\/b\u00e9n\u00e9voles du CLEAS d\u2019Auray (Jeannine, Clarisse, Mayamba, Solenn, Cardorelle) et Anne Yseult, Kevin, Rasool, Mounir et Moi ! Un Grand Merci \u00e0 tous les participants et \u00e0 l\u2019\u00e9quipe d\u2019organisation du FSL ! Retrouvez l\u2019\u00e9mission sur le\u00a0<a href=\"http:\/\/www.radiokalon.com\/index.php\/podcasts\/?fbclid=IwZXh0bgNhZW0CMTAAAR2mf9mjSUBdGtVvVuS8m2D_ZKR4UUjrCYEjeBl7yzXsPUsWelFkINmhsPE_aem_OngsjSMt2US1Q2oWBzH_TA\">http:\/\/www.radiokalon.com\/index.php\/podcasts\/<\/a>\u00a0Rubrique Forum Social Local S\u00e9n\u00e9 podcast n\u00b04 !<\/p>\n\n\n\n<figure class=\"wp-block-image size-full\"><img loading=\"lazy\" decoding=\"async\" width=\"725\" height=\"1024\" src=\"https:\/\/radiokalon-wp.kaz.bzh\/wp-content\/uploads\/2025\/04\/10.webp\" alt=\"\" class=\"wp-image-2687\" srcset=\"https:\/\/radiokalon.com\/wp-content\/uploads\/2025\/04\/10.webp 725w, https:\/\/radiokalon.com\/wp-content\/uploads\/2025\/04\/10-212x300.webp 212w\" sizes=\"auto, (max-width: 725px) 100vw, 725px\" \/><\/figure>\n","protected":false},"excerpt":{"rendered":"<p>Le Forum Social Local de S\u00e9n\u00e9 \u00e0 nouveau \u2013 avec les rencontres avec Ana PICH, autrice BD de \u201cChroniques de l\u2019injustice ordinaire\u201d, les soul\u00e8vements de la Terre, l\u2019association KAZ \u2013 l\u2019occasion d\u2019une belle \u00e9mission anim\u00e9e par des apprenants\/b\u00e9n\u00e9voles du CLEAS d\u2019Auray (Jeannine, Clarisse, Mayamba, Solenn, Cardorelle) et Anne Yseult, Kevin, Rasool, Mounir et Moi ! [&hellip;]<\/p>\n","protected":false},"author":2,"featured_media":2686,"comment_status":"open","ping_status":"open","sticky":false,"template":"","format":"standard","meta":{"footnotes":""},"categories":[16],"tags":[],"class_list":["post-2688","post","type-post","status-publish","format-standard","has-post-thumbnail","hentry","category-non-classe-fr"],"_links":{"self":[{"href":"https:\/\/radiokalon.com\/index.php\/wp-json\/wp\/v2\/posts\/2688","targetHints":{"allow":["GET"]}}],"collection":[{"href":"https:\/\/radiokalon.com\/index.php\/wp-json\/wp\/v2\/posts"}],"about":[{"href":"https:\/\/radiokalon.com\/index.php\/wp-json\/wp\/v2\/types\/post"}],"author":[{"embeddable":true,"href":"https:\/\/radiokalon.com\/index.php\/wp-json\/wp\/v2\/users\/2"}],"replies":[{"embeddable":true,"href":"https:\/\/radiokalon.com\/index.php\/wp-json\/wp\/v2\/comments?post=2688"}],"version-history":[{"count":1,"href":"https:\/\/radiokalon.com\/index.php\/wp-json\/wp\/v2\/posts\/2688\/revisions"}],"predecessor-version":[{"id":2689,"href":"https:\/\/radiokalon.com\/index.php\/wp-json\/wp\/v2\/posts\/2688\/revisions\/2689"}],"wp:featuredmedia":[{"embeddable":true,"href":"https:\/\/radiokalon.com\/index.php\/wp-json\/wp\/v2\/media\/2686"}],"wp:attachment":[{"href":"https:\/\/radiokalon.com\/index.php\/wp-json\/wp\/v2\/media?parent=2688"}],"wp:term":[{"taxonomy":"category","embeddable":true,"href":"https:\/\/radiokalon.com\/index.php\/wp-json\/wp\/v2\/categories?post=2688"},{"taxonomy":"post_tag","embeddable":true,"href":"https:\/\/radiokalon.com\/index.php\/wp-json\/wp\/v2\/tags?post=2688"}],"curies":[{"name":"wp","href":"https:\/\/api.w.org\/{rel}","templated":true}]}}