{"id":2692,"date":"2025-04-11T10:13:08","date_gmt":"2025-04-11T08:13:08","guid":{"rendered":"https:\/\/radiokalon-wp.kaz.bzh\/?p=2692"},"modified":"2025-04-11T10:13:08","modified_gmt":"2025-04-11T08:13:08","slug":"rencontre-avec-tiken-jah-fakoly-aux-arcs-de-queven","status":"publish","type":"post","link":"https:\/\/radiokalon.com\/index.php\/2025\/04\/11\/rencontre-avec-tiken-jah-fakoly-aux-arcs-de-queven\/","title":{"rendered":"Rencontre avec Tiken JAH FAKOLY aux Arcs de Queven !"},"content":{"rendered":"\n<p>Encore un Moment reggae exceptionnel \u2013 Apr\u00e8s Alpha BLONDY, Yanis ODUA, JAHNERATION, SOOM T, les CONGOS, les GLADIATORS, SUNNY LEGACY, FAYGO, rencontre avec la star du reggae Africain Tiken JAH FAKOLY !!!!! Merci \u00e0 Tiken JAH FAKOLY, Merci \u00e0 son \u00e9quipe, \u00e0 Val\u00e9rie et toute l\u2019\u00e9quipe chaleureuse de la salle\u00a0<a href=\"https:\/\/www.facebook.com\/lesarcsqueven?__cft__[0]=AZX90dqI6yZUNDp8NNAyLlgWWzZ-cN6mkfRfHdhclH-gIX7xLcIlRjdDRKamUll10xqfhQDMGog5h8WAkmkpFKtImgIs5xsCBVLXC8SSFrWXEJTSSTQ7-wDFPb1BzolEl_TKoZqhcKV1O40R0DsCdSGw4akF3envBF3WnGsu9jVSJfu0BvLPnfQrRD-zCFR5iho&amp;__tn__=-]K*F\">Centre Culturel Les Arcs<\/a>\u00a0!<br>un podcast \u00e0 \u00e9couter sur le\u00a0<a href=\"https:\/\/www.radiokalon.com\/index.php\/podcasts\/?fbclid=IwZXh0bgNhZW0CMTAAAR1SphmDKh4oOHHXHqW6X8DCVL6HzCQQnGmgSxvyPIHtt3o5dybgGbcdsyM_aem_794NeCnMrNKyWYAxr2p9Iw\">https:\/\/www.radiokalon.com\/index.php\/podcasts\/<\/a>\u00a0Rubrique \u201cLes Arcs\u201d podcast n\u00b01 ! Avec Coeur et Courage comme KALON ! Et Un Grand Merci \u00e0 notre \u00e9quipe de RastaKalon Mahono-Mounir-Tom-Mahmady et Moi c\u2019est toujours un Kif de partager ces moments l\u00e0 en Equipe \u2013 La Vita \u00e8 bella sur Radio KALON\u00a0!<\/p>\n\n\n\n<figure class=\"wp-block-image size-full\"><img loading=\"lazy\" decoding=\"async\" width=\"768\" height=\"576\" src=\"https:\/\/radiokalon-wp.kaz.bzh\/wp-content\/uploads\/2025\/04\/11.webp\" alt=\"\" class=\"wp-image-2691\" srcset=\"https:\/\/radiokalon.com\/wp-content\/uploads\/2025\/04\/11.webp 768w, https:\/\/radiokalon.com\/wp-content\/uploads\/2025\/04\/11-300x225.webp 300w, https:\/\/radiokalon.com\/wp-content\/uploads\/2025\/04\/11-400x300.webp 400w\" sizes=\"auto, (max-width: 768px) 100vw, 768px\" \/><\/figure>\n","protected":false},"excerpt":{"rendered":"<p>Encore un Moment reggae exceptionnel \u2013 Apr\u00e8s Alpha BLONDY, Yanis ODUA, JAHNERATION, SOOM T, les CONGOS, les GLADIATORS, SUNNY LEGACY, FAYGO, rencontre avec la star du reggae Africain Tiken JAH FAKOLY !!!!! Merci \u00e0 Tiken JAH FAKOLY, Merci \u00e0 son \u00e9quipe, \u00e0 Val\u00e9rie et toute l\u2019\u00e9quipe chaleureuse de la salle\u00a0Centre Culturel Les Arcs\u00a0!un podcast \u00e0 [&hellip;]<\/p>\n","protected":false},"author":2,"featured_media":2690,"comment_status":"open","ping_status":"open","sticky":false,"template":"","format":"standard","meta":{"footnotes":""},"categories":[16],"tags":[],"class_list":["post-2692","post","type-post","status-publish","format-standard","has-post-thumbnail","hentry","category-non-classe-fr"],"_links":{"self":[{"href":"https:\/\/radiokalon.com\/index.php\/wp-json\/wp\/v2\/posts\/2692","targetHints":{"allow":["GET"]}}],"collection":[{"href":"https:\/\/radiokalon.com\/index.php\/wp-json\/wp\/v2\/posts"}],"about":[{"href":"https:\/\/radiokalon.com\/index.php\/wp-json\/wp\/v2\/types\/post"}],"author":[{"embeddable":true,"href":"https:\/\/radiokalon.com\/index.php\/wp-json\/wp\/v2\/users\/2"}],"replies":[{"embeddable":true,"href":"https:\/\/radiokalon.com\/index.php\/wp-json\/wp\/v2\/comments?post=2692"}],"version-history":[{"count":1,"href":"https:\/\/radiokalon.com\/index.php\/wp-json\/wp\/v2\/posts\/2692\/revisions"}],"predecessor-version":[{"id":2693,"href":"https:\/\/radiokalon.com\/index.php\/wp-json\/wp\/v2\/posts\/2692\/revisions\/2693"}],"wp:featuredmedia":[{"embeddable":true,"href":"https:\/\/radiokalon.com\/index.php\/wp-json\/wp\/v2\/media\/2690"}],"wp:attachment":[{"href":"https:\/\/radiokalon.com\/index.php\/wp-json\/wp\/v2\/media?parent=2692"}],"wp:term":[{"taxonomy":"category","embeddable":true,"href":"https:\/\/radiokalon.com\/index.php\/wp-json\/wp\/v2\/categories?post=2692"},{"taxonomy":"post_tag","embeddable":true,"href":"https:\/\/radiokalon.com\/index.php\/wp-json\/wp\/v2\/tags?post=2692"}],"curies":[{"name":"wp","href":"https:\/\/api.w.org\/{rel}","templated":true}]}}