{"id":3362,"date":"2026-09-03T11:36:50","date_gmt":"2026-09-03T09:36:50","guid":{"rendered":"https:\/\/radiokalon.com\/?p=3362"},"modified":"2026-09-03T11:42:34","modified_gmt":"2026-09-03T09:42:34","slug":"la-ora-na-radio-kalon-a-queven-au-festival-tahitien","status":"publish","type":"post","link":"https:\/\/radiokalon.com\/index.php\/2026\/09\/03\/la-ora-na-radio-kalon-a-queven-au-festival-tahitien\/","title":{"rendered":"La Ora Na &#8211; Radio KALON \u00e0 Queven au Festival Tahitien !"},"content":{"rendered":"\n<p class=\"wp-block-paragraph\">Nous \u00e9tions aussi le samedi 4 juillet \u00e0 Queven au Festival Tahitien organis\u00e9 par @breizh polynesia &#8211; un tr\u00e8s bel \u00e9v\u00e8nement autour des cultures Polyn\u00e9siennes (tatouage, danses, musiques, gastronomie, march\u00e9 artisanal&#8230;.) avec notre troupe des joyeux Kaloniens Dylan, Mounir, Julien et Antoine ! Ecoutez l&#8217;\u00e9mission sur le https:\/\/radiokalon.com\/index.php\/podcasts\/ rubrique &#8220;FESTIVAL TAHITIEN&#8221; Podcast 1 ! Un Grand Merci \u00e0 PapyJo et Bernard et toutes les personnes qui sont venues s&#8217;exprimer pour leur disponibilit\u00e9 et gentillesse ! Bonne \u00e9coute avec Coeur et Courage comme KALON !<\/p>\n\n\n\n<figure class=\"wp-block-image size-full\"><img loading=\"lazy\" decoding=\"async\" width=\"443\" height=\"590\" src=\"https:\/\/radiokalon.com\/wp-content\/uploads\/2026\/09\/2-1.jpg\" alt=\"\" class=\"wp-image-3369\" srcset=\"https:\/\/radiokalon.com\/wp-content\/uploads\/2026\/09\/2-1.jpg 443w, https:\/\/radiokalon.com\/wp-content\/uploads\/2026\/09\/2-1-225x300.jpg 225w\" sizes=\"auto, (max-width: 443px) 100vw, 443px\" \/><\/figure>\n\n\n\n<figure class=\"wp-block-image size-full\"><img loading=\"lazy\" decoding=\"async\" width=\"443\" height=\"590\" src=\"https:\/\/radiokalon.com\/wp-content\/uploads\/2026\/09\/4-1.jpg\" alt=\"\" class=\"wp-image-3366\" srcset=\"https:\/\/radiokalon.com\/wp-content\/uploads\/2026\/09\/4-1.jpg 443w, https:\/\/radiokalon.com\/wp-content\/uploads\/2026\/09\/4-1-225x300.jpg 225w\" sizes=\"auto, (max-width: 443px) 100vw, 443px\" \/><\/figure>\n\n\n\n<figure class=\"wp-block-image size-full\"><img loading=\"lazy\" decoding=\"async\" width=\"443\" height=\"590\" src=\"https:\/\/radiokalon.com\/wp-content\/uploads\/2026\/09\/3-1.jpg\" alt=\"\" class=\"wp-image-3365\" srcset=\"https:\/\/radiokalon.com\/wp-content\/uploads\/2026\/09\/3-1.jpg 443w, https:\/\/radiokalon.com\/wp-content\/uploads\/2026\/09\/3-1-225x300.jpg 225w\" sizes=\"auto, (max-width: 443px) 100vw, 443px\" \/><\/figure>\n\n\n\n<figure class=\"wp-block-image size-full\"><img loading=\"lazy\" decoding=\"async\" width=\"443\" height=\"590\" src=\"https:\/\/radiokalon.com\/wp-content\/uploads\/2026\/09\/5-1.jpg\" alt=\"\" class=\"wp-image-3367\" srcset=\"https:\/\/radiokalon.com\/wp-content\/uploads\/2026\/09\/5-1.jpg 443w, https:\/\/radiokalon.com\/wp-content\/uploads\/2026\/09\/5-1-225x300.jpg 225w\" sizes=\"auto, (max-width: 443px) 100vw, 443px\" \/><\/figure>\n","protected":false},"excerpt":{"rendered":"<p>Nous \u00e9tions aussi le samedi 4 juillet \u00e0 Queven au Festival Tahitien organis\u00e9 par @breizh polynesia &#8211; un tr\u00e8s bel \u00e9v\u00e8nement autour des cultures Polyn\u00e9siennes (tatouage, danses, musiques, gastronomie, march\u00e9 artisanal&#8230;.) avec notre troupe des joyeux Kaloniens Dylan, Mounir, Julien et Antoine ! Ecoutez l&#8217;\u00e9mission sur le https:\/\/radiokalon.com\/index.php\/podcasts\/ rubrique &#8220;FESTIVAL TAHITIEN&#8221; Podcast 1 ! Un [&hellip;]<\/p>\n","protected":false},"author":2,"featured_media":3370,"comment_status":"open","ping_status":"open","sticky":false,"template":"","format":"standard","meta":{"footnotes":""},"categories":[16],"tags":[],"class_list":["post-3362","post","type-post","status-publish","format-standard","has-post-thumbnail","hentry","category-non-classe-fr"],"_links":{"self":[{"href":"https:\/\/radiokalon.com\/index.php\/wp-json\/wp\/v2\/posts\/3362","targetHints":{"allow":["GET"]}}],"collection":[{"href":"https:\/\/radiokalon.com\/index.php\/wp-json\/wp\/v2\/posts"}],"about":[{"href":"https:\/\/radiokalon.com\/index.php\/wp-json\/wp\/v2\/types\/post"}],"author":[{"embeddable":true,"href":"https:\/\/radiokalon.com\/index.php\/wp-json\/wp\/v2\/users\/2"}],"replies":[{"embeddable":true,"href":"https:\/\/radiokalon.com\/index.php\/wp-json\/wp\/v2\/comments?post=3362"}],"version-history":[{"count":4,"href":"https:\/\/radiokalon.com\/index.php\/wp-json\/wp\/v2\/posts\/3362\/revisions"}],"predecessor-version":[{"id":3372,"href":"https:\/\/radiokalon.com\/index.php\/wp-json\/wp\/v2\/posts\/3362\/revisions\/3372"}],"wp:featuredmedia":[{"embeddable":true,"href":"https:\/\/radiokalon.com\/index.php\/wp-json\/wp\/v2\/media\/3370"}],"wp:attachment":[{"href":"https:\/\/radiokalon.com\/index.php\/wp-json\/wp\/v2\/media?parent=3362"}],"wp:term":[{"taxonomy":"category","embeddable":true,"href":"https:\/\/radiokalon.com\/index.php\/wp-json\/wp\/v2\/categories?post=3362"},{"taxonomy":"post_tag","embeddable":true,"href":"https:\/\/radiokalon.com\/index.php\/wp-json\/wp\/v2\/tags?post=3362"}],"curies":[{"name":"wp","href":"https:\/\/api.w.org\/{rel}","templated":true}]}}