{"id":3373,"date":"2026-09-03T11:50:07","date_gmt":"2026-09-03T09:50:07","guid":{"rendered":"https:\/\/radiokalon.com\/?p=3373"},"modified":"2026-09-03T11:56:51","modified_gmt":"2026-09-03T09:56:51","slug":"les-amazones-dafrique-a-vannes-echos-jazz","status":"publish","type":"post","link":"https:\/\/radiokalon.com\/index.php\/2026\/09\/03\/les-amazones-dafrique-a-vannes-echos-jazz\/","title":{"rendered":"Les Amazones d&#8217;Afrique \u00e0 Vannes Echos Jazz !"},"content":{"rendered":"\n<p class=\"wp-block-paragraph\">Le samedi 11 juillet, nous \u00e9tions dans les jardins des remparts de Vannes pour rencontrer Les Amazones d&#8217;Afrique ! &#8211; une tr\u00e8s belle rencontre avec Mayamba, Alpha et Antoine de Radio KALON juste avant le concert d&#8217;Ang\u00e9lique KIDJO ! Ecoutez l&#8217;interview dans l&#8217;onglet &#8220;Podcasts&#8221; rubrique &#8220;VANNES ECHOS JAZZ&#8221; podcast n\u00b01 ! Un Grand Merci aux Amazones d&#8217;Afrique pour leur gentillesse et disponibilit\u00e9 et \u00e0 Estelle et Marie de @Vannes Echos jazz ! Bonne \u00e9coute avec Coeur et Courage comme KALON !<\/p>\n\n\n\n<figure class=\"wp-block-image size-full\"><img loading=\"lazy\" decoding=\"async\" width=\"590\" height=\"443\" src=\"https:\/\/radiokalon.com\/wp-content\/uploads\/2026\/09\/2-2.jpg\" alt=\"\" class=\"wp-image-3376\" srcset=\"https:\/\/radiokalon.com\/wp-content\/uploads\/2026\/09\/2-2.jpg 590w, https:\/\/radiokalon.com\/wp-content\/uploads\/2026\/09\/2-2-300x225.jpg 300w, https:\/\/radiokalon.com\/wp-content\/uploads\/2026\/09\/2-2-400x300.jpg 400w\" sizes=\"auto, (max-width: 590px) 100vw, 590px\" \/><\/figure>\n\n\n\n<p class=\"wp-block-paragraph\"><em>Les AMAZONES D&#8217;AFRIQUE<\/em><\/p>\n\n\n\n<figure class=\"wp-block-image size-full\"><img loading=\"lazy\" decoding=\"async\" width=\"590\" height=\"443\" src=\"https:\/\/radiokalon.com\/wp-content\/uploads\/2026\/09\/4-2.jpg\" alt=\"\" class=\"wp-image-3378\" srcset=\"https:\/\/radiokalon.com\/wp-content\/uploads\/2026\/09\/4-2.jpg 590w, https:\/\/radiokalon.com\/wp-content\/uploads\/2026\/09\/4-2-300x225.jpg 300w, https:\/\/radiokalon.com\/wp-content\/uploads\/2026\/09\/4-2-400x300.jpg 400w\" sizes=\"auto, (max-width: 590px) 100vw, 590px\" \/><\/figure>\n\n\n\n<p class=\"wp-block-paragraph\"><em>Ang\u00e9lique KIDJO<\/em><\/p>\n\n\n\n<figure class=\"wp-block-image size-full\"><img loading=\"lazy\" decoding=\"async\" width=\"590\" height=\"443\" src=\"https:\/\/radiokalon.com\/wp-content\/uploads\/2026\/09\/3-2.jpg\" alt=\"\" class=\"wp-image-3377\" srcset=\"https:\/\/radiokalon.com\/wp-content\/uploads\/2026\/09\/3-2.jpg 590w, https:\/\/radiokalon.com\/wp-content\/uploads\/2026\/09\/3-2-300x225.jpg 300w, https:\/\/radiokalon.com\/wp-content\/uploads\/2026\/09\/3-2-400x300.jpg 400w\" sizes=\"auto, (max-width: 590px) 100vw, 590px\" \/><\/figure>\n\n\n\n<p class=\"wp-block-paragraph\"><em>Mayamba (Radio KALON) avec Ang\u00e9lique KIDJO<\/em><\/p>\n\n\n\n<figure class=\"wp-block-image size-full\"><img loading=\"lazy\" decoding=\"async\" width=\"590\" height=\"443\" src=\"https:\/\/radiokalon.com\/wp-content\/uploads\/2026\/09\/5-2.jpg\" alt=\"\" class=\"wp-image-3375\" srcset=\"https:\/\/radiokalon.com\/wp-content\/uploads\/2026\/09\/5-2.jpg 590w, https:\/\/radiokalon.com\/wp-content\/uploads\/2026\/09\/5-2-300x225.jpg 300w, https:\/\/radiokalon.com\/wp-content\/uploads\/2026\/09\/5-2-400x300.jpg 400w\" sizes=\"auto, (max-width: 590px) 100vw, 590px\" \/><\/figure>\n","protected":false},"excerpt":{"rendered":"<p>Le samedi 11 juillet, nous \u00e9tions dans les jardins des remparts de Vannes pour rencontrer Les Amazones d&#8217;Afrique ! &#8211; une tr\u00e8s belle rencontre avec Mayamba, Alpha et Antoine de Radio KALON juste avant le concert d&#8217;Ang\u00e9lique KIDJO ! Ecoutez l&#8217;interview dans l&#8217;onglet &#8220;Podcasts&#8221; rubrique &#8220;VANNES ECHOS JAZZ&#8221; podcast n\u00b01 ! Un Grand Merci aux [&hellip;]<\/p>\n","protected":false},"author":2,"featured_media":3374,"comment_status":"open","ping_status":"open","sticky":false,"template":"","format":"standard","meta":{"footnotes":""},"categories":[16],"tags":[],"class_list":["post-3373","post","type-post","status-publish","format-standard","has-post-thumbnail","hentry","category-non-classe-fr"],"_links":{"self":[{"href":"https:\/\/radiokalon.com\/index.php\/wp-json\/wp\/v2\/posts\/3373","targetHints":{"allow":["GET"]}}],"collection":[{"href":"https:\/\/radiokalon.com\/index.php\/wp-json\/wp\/v2\/posts"}],"about":[{"href":"https:\/\/radiokalon.com\/index.php\/wp-json\/wp\/v2\/types\/post"}],"author":[{"embeddable":true,"href":"https:\/\/radiokalon.com\/index.php\/wp-json\/wp\/v2\/users\/2"}],"replies":[{"embeddable":true,"href":"https:\/\/radiokalon.com\/index.php\/wp-json\/wp\/v2\/comments?post=3373"}],"version-history":[{"count":5,"href":"https:\/\/radiokalon.com\/index.php\/wp-json\/wp\/v2\/posts\/3373\/revisions"}],"predecessor-version":[{"id":3384,"href":"https:\/\/radiokalon.com\/index.php\/wp-json\/wp\/v2\/posts\/3373\/revisions\/3384"}],"wp:featuredmedia":[{"embeddable":true,"href":"https:\/\/radiokalon.com\/index.php\/wp-json\/wp\/v2\/media\/3374"}],"wp:attachment":[{"href":"https:\/\/radiokalon.com\/index.php\/wp-json\/wp\/v2\/media?parent=3373"}],"wp:term":[{"taxonomy":"category","embeddable":true,"href":"https:\/\/radiokalon.com\/index.php\/wp-json\/wp\/v2\/categories?post=3373"},{"taxonomy":"post_tag","embeddable":true,"href":"https:\/\/radiokalon.com\/index.php\/wp-json\/wp\/v2\/tags?post=3373"}],"curies":[{"name":"wp","href":"https:\/\/api.w.org\/{rel}","templated":true}]}}