{"id":3385,"date":"2026-09-03T12:02:08","date_gmt":"2026-09-03T10:02:08","guid":{"rendered":"https:\/\/radiokalon.com\/?p=3385"},"modified":"2026-09-03T12:05:40","modified_gmt":"2026-09-03T10:05:40","slug":"les-mercredi-darradon-avec-les-artistes-anne-de-ker-et-tu-mador-et-la-conteuse-vi-indigaia","status":"publish","type":"post","link":"https:\/\/radiokalon.com\/index.php\/2026\/09\/03\/les-mercredi-darradon-avec-les-artistes-anne-de-ker-et-tu-mador-et-la-conteuse-vi-indigaia\/","title":{"rendered":"Les Mercredi d&#8217;Arradon avec les artistes Anne de Ker et Tu M&#8217;ador et la conteuse Vi Indigaia !"},"content":{"rendered":"\n<p class=\"wp-block-paragraph\">Nous \u00e9tions mercredi dans les jardins de la Lucarne d&#8217;Arradon pour rencontrer Anne de Ker TU M&#8217;ADOR et la conteuse @vi.indigaia (dans le cadre du festival du conte de Baden) ! &#8211; de chouettes moments pass\u00e9s avec Mayamba, Julien et Moi de Radio KALON ! Ecoutez l&#8217;interview ce soir \u00e0 21h et demain \u00e0 14h ! Un Grand Merci \u00e0 Anne de Ker , TU M&#8217;ADOR et @vi.indigaia pour leur gentillesse et disponibilit\u00e9 et \u00e0 Julien et Margot de la mairie d&#8217;Arradon @ville d&#8217;arradon ! Bonne \u00e9coute avec Coeur et Courage comme KALON !<\/p>\n\n\n\n<figure class=\"wp-block-image size-full\"><img loading=\"lazy\" decoding=\"async\" width=\"590\" height=\"443\" src=\"https:\/\/radiokalon.com\/wp-content\/uploads\/2026\/09\/3-3.jpg\" alt=\"\" class=\"wp-image-3387\" srcset=\"https:\/\/radiokalon.com\/wp-content\/uploads\/2026\/09\/3-3.jpg 590w, https:\/\/radiokalon.com\/wp-content\/uploads\/2026\/09\/3-3-300x225.jpg 300w, https:\/\/radiokalon.com\/wp-content\/uploads\/2026\/09\/3-3-400x300.jpg 400w\" sizes=\"auto, (max-width: 590px) 100vw, 590px\" \/><\/figure>\n\n\n\n<p class=\"wp-block-paragraph\"><em>Mayamba, Antoine et Julien (Radio KALON) avec TU M&#8217;ADOR<\/em><\/p>\n\n\n\n<figure class=\"wp-block-image size-full\"><img loading=\"lazy\" decoding=\"async\" width=\"590\" height=\"443\" src=\"https:\/\/radiokalon.com\/wp-content\/uploads\/2026\/09\/2-3.jpg\" alt=\"\" class=\"wp-image-3390\" srcset=\"https:\/\/radiokalon.com\/wp-content\/uploads\/2026\/09\/2-3.jpg 590w, https:\/\/radiokalon.com\/wp-content\/uploads\/2026\/09\/2-3-300x225.jpg 300w, https:\/\/radiokalon.com\/wp-content\/uploads\/2026\/09\/2-3-400x300.jpg 400w\" sizes=\"auto, (max-width: 590px) 100vw, 590px\" \/><\/figure>\n\n\n\n<p class=\"wp-block-paragraph\"><em>Antoine et Julien (Radio KALON) avec la conteuse VI INDIGAIA<\/em><\/p>\n\n\n\n<figure class=\"wp-block-image size-full\"><img loading=\"lazy\" decoding=\"async\" width=\"590\" height=\"443\" src=\"https:\/\/radiokalon.com\/wp-content\/uploads\/2026\/09\/4-3.jpg\" alt=\"\" class=\"wp-image-3388\" srcset=\"https:\/\/radiokalon.com\/wp-content\/uploads\/2026\/09\/4-3.jpg 590w, https:\/\/radiokalon.com\/wp-content\/uploads\/2026\/09\/4-3-300x225.jpg 300w, https:\/\/radiokalon.com\/wp-content\/uploads\/2026\/09\/4-3-400x300.jpg 400w\" sizes=\"auto, (max-width: 590px) 100vw, 590px\" \/><\/figure>\n\n\n\n<p class=\"wp-block-paragraph\"><em>ANNE DE KER<\/em><\/p>\n\n\n\n<p class=\"wp-block-paragraph\"><\/p>\n","protected":false},"excerpt":{"rendered":"<p>Nous \u00e9tions mercredi dans les jardins de la Lucarne d&#8217;Arradon pour rencontrer Anne de Ker TU M&#8217;ADOR et la conteuse @vi.indigaia (dans le cadre du festival du conte de Baden) ! &#8211; de chouettes moments pass\u00e9s avec Mayamba, Julien et Moi de Radio KALON ! Ecoutez l&#8217;interview ce soir \u00e0 21h et demain \u00e0 14h [&hellip;]<\/p>\n","protected":false},"author":2,"featured_media":3389,"comment_status":"open","ping_status":"open","sticky":false,"template":"","format":"standard","meta":{"footnotes":""},"categories":[16],"tags":[],"class_list":["post-3385","post","type-post","status-publish","format-standard","has-post-thumbnail","hentry","category-non-classe-fr"],"_links":{"self":[{"href":"https:\/\/radiokalon.com\/index.php\/wp-json\/wp\/v2\/posts\/3385","targetHints":{"allow":["GET"]}}],"collection":[{"href":"https:\/\/radiokalon.com\/index.php\/wp-json\/wp\/v2\/posts"}],"about":[{"href":"https:\/\/radiokalon.com\/index.php\/wp-json\/wp\/v2\/types\/post"}],"author":[{"embeddable":true,"href":"https:\/\/radiokalon.com\/index.php\/wp-json\/wp\/v2\/users\/2"}],"replies":[{"embeddable":true,"href":"https:\/\/radiokalon.com\/index.php\/wp-json\/wp\/v2\/comments?post=3385"}],"version-history":[{"count":3,"href":"https:\/\/radiokalon.com\/index.php\/wp-json\/wp\/v2\/posts\/3385\/revisions"}],"predecessor-version":[{"id":3392,"href":"https:\/\/radiokalon.com\/index.php\/wp-json\/wp\/v2\/posts\/3385\/revisions\/3392"}],"wp:featuredmedia":[{"embeddable":true,"href":"https:\/\/radiokalon.com\/index.php\/wp-json\/wp\/v2\/media\/3389"}],"wp:attachment":[{"href":"https:\/\/radiokalon.com\/index.php\/wp-json\/wp\/v2\/media?parent=3385"}],"wp:term":[{"taxonomy":"category","embeddable":true,"href":"https:\/\/radiokalon.com\/index.php\/wp-json\/wp\/v2\/categories?post=3385"},{"taxonomy":"post_tag","embeddable":true,"href":"https:\/\/radiokalon.com\/index.php\/wp-json\/wp\/v2\/tags?post=3385"}],"curies":[{"name":"wp","href":"https:\/\/api.w.org\/{rel}","templated":true}]}}