{"id":3393,"date":"2026-09-03T12:10:00","date_gmt":"2026-09-03T10:10:00","guid":{"rendered":"https:\/\/radiokalon.com\/?p=3393"},"modified":"2026-09-03T12:14:17","modified_gmt":"2026-09-03T10:14:17","slug":"le-foyer-des-genets-dor-au-festival-du-conte-de-baden","status":"publish","type":"post","link":"https:\/\/radiokalon.com\/index.php\/2026\/09\/03\/le-foyer-des-genets-dor-au-festival-du-conte-de-baden\/","title":{"rendered":"Le foyer des Gen\u00eats d&#8217;Or au festival du Conte de Baden !"},"content":{"rendered":"\n<p class=\"wp-block-paragraph\">C&#8217;est au <a href=\"https:\/\/www.facebook.com\/contesbaden?__cft__[0]=AZjLa1afB1KNYSDZjRve4sWN_woc1006z3SXYu0pHBamDZx4OWTBMbV8-7lKkYFum6iVZ2DnWydDoZV6L_oWV-kxMNAXXnHH7-OsRZO8_ttLcDDynWaW81TjFOpse34rGWiSdKuXexQWju1okxXL4CRcUqNgXVwIPSKRhfPr-XV5NURF4ynxQhpz67k&amp;__tn__=-]K-R\">Festival du Conte de Baden &#8211; Passeurs d&#8217;histoires<\/a> qu&#8217;a eu lieu la nouvelle \u00e9mission des r\u00e9sidents du foyer d&#8217;h\u00e9bergement\/SAVS des Gen\u00eats d&#8217;Or \u00e0 St Pol de L\u00e9on (29) &#8211; autour de la vie affective et sexuelle des personnes en situation de handicap dans le cadre du partenariat avec la plateforme @INTIMAGIR BRETAGNE (dont le but est de permettre \u00e0 toute personne en situation de handicap et aux personnes qui l\u2019accompagnent d\u2019\u00eatre inform\u00e9s et orient\u00e9s sur les sujets touchant la vie intime, affective et sexuelle, la parentalit\u00e9 et la lutte contre les violences) &#8211; Avec Edwige, Tilio, Th\u00e9o, Alexis, Gildas, Fr\u00e9d\u00e9rique, Charley, et Julien de Radio KALON ! Merci infiniment aux invit\u00e9s Marie Laure (b\u00e9n\u00e9vole \u00e0 l&#8217;organisation du festival du conte de Baden) et les conteurs Pepito MATEO et Lodois DORE ainsi qu&#8217;\u00e0 tous les participants (et leurs accompagnants) pour cette belle \u00e9mission ! Retrouvez leur \u00e9mission sur <a href=\"https:\/\/l.facebook.com\/l.php?u=https%3A%2F%2Fwww.radiokalon.com%2Findex.php%2Fpodcasts%2F%3Ffbclid%3DIwcGRvZgFleHRuA2FlbQIxMABicmlkETBJc0RrY3BMYkxrdDA5aXdFc3J0YwZhcHBfaWQQMjIyMDM5MTc4ODIwMDg5MgABHttM3q2ZKFAH48irj1KCFTjjXBMFxU80KaKkngeG8zJyVMoyJDKwB3-hIci0_aem_ETxz67WItsoLzuJleoGq0Q&amp;h=AUDV2C9vvV3_Mf42R0ZTYiEYNBq-GsiJod7FYzTv0Pq8Aku7-o4luFzISb72tr8qJrjMuCfZCV5uhhWs2AY4SIPWg6l6uBAQ7By3Sr7VBtZIM9L9jWAa12zZRBNBreRDRqPy5yU4zg4_01MKJk0dIpD0C5MUPw&amp;__tn__=-UK-R&amp;c[0]=AUD0uLYnJQ1KmrAUVdPqLqP9B7dKDs5bTBQylFBPQwxWgFZt8nBLfWCQ5DX0fg9mxtvXJU6Am0hBY9zuiFT-bJcsXcO-jTPHlCwloPo-_sSl2dLO7Tc7tnb21y0Kj1O_rbV14jRsgAkiuUwW6bs1KZBAZBmvqAUnrucTMdHomAspDKb7uwloAVx885BQYZovEOBAwyy_uaJ-2LhevH95KTvwHQ\" target=\"_blank\" rel=\"noopener\">http:\/\/www.radiokalon.com\/index.php\/podcasts\/<\/a> Rubrique INTIMAGIR Bretagne podcast n\u00b012 ! Bonne \u00e9coute avec COEUR comme KALON !<\/p>\n\n\n\n<figure class=\"wp-block-image size-full\"><img loading=\"lazy\" decoding=\"async\" width=\"443\" height=\"590\" src=\"https:\/\/radiokalon.com\/wp-content\/uploads\/2026\/09\/3-4.jpg\" alt=\"\" class=\"wp-image-3396\" srcset=\"https:\/\/radiokalon.com\/wp-content\/uploads\/2026\/09\/3-4.jpg 443w, https:\/\/radiokalon.com\/wp-content\/uploads\/2026\/09\/3-4-225x300.jpg 225w\" sizes=\"auto, (max-width: 443px) 100vw, 443px\" \/><\/figure>\n\n\n\n<figure class=\"wp-block-image size-full\"><img loading=\"lazy\" decoding=\"async\" width=\"443\" height=\"590\" src=\"https:\/\/radiokalon.com\/wp-content\/uploads\/2026\/09\/2-4.jpg\" alt=\"\" class=\"wp-image-3395\" srcset=\"https:\/\/radiokalon.com\/wp-content\/uploads\/2026\/09\/2-4.jpg 443w, https:\/\/radiokalon.com\/wp-content\/uploads\/2026\/09\/2-4-225x300.jpg 225w\" sizes=\"auto, (max-width: 443px) 100vw, 443px\" \/><\/figure>\n\n\n\n<figure class=\"wp-block-image size-full\"><img loading=\"lazy\" decoding=\"async\" width=\"443\" height=\"590\" src=\"https:\/\/radiokalon.com\/wp-content\/uploads\/2026\/09\/4-4.jpg\" alt=\"\" class=\"wp-image-3397\" srcset=\"https:\/\/radiokalon.com\/wp-content\/uploads\/2026\/09\/4-4.jpg 443w, https:\/\/radiokalon.com\/wp-content\/uploads\/2026\/09\/4-4-225x300.jpg 225w\" sizes=\"auto, (max-width: 443px) 100vw, 443px\" \/><\/figure>\n\n\n\n<figure class=\"wp-block-image size-full\"><img loading=\"lazy\" decoding=\"async\" width=\"443\" height=\"590\" src=\"https:\/\/radiokalon.com\/wp-content\/uploads\/2026\/09\/5-3.jpg\" alt=\"\" class=\"wp-image-3398\" srcset=\"https:\/\/radiokalon.com\/wp-content\/uploads\/2026\/09\/5-3.jpg 443w, https:\/\/radiokalon.com\/wp-content\/uploads\/2026\/09\/5-3-225x300.jpg 225w\" sizes=\"auto, (max-width: 443px) 100vw, 443px\" \/><\/figure>\n","protected":false},"excerpt":{"rendered":"<p>C&#8217;est au Festival du Conte de Baden &#8211; Passeurs d&#8217;histoires qu&#8217;a eu lieu la nouvelle \u00e9mission des r\u00e9sidents du foyer d&#8217;h\u00e9bergement\/SAVS des Gen\u00eats d&#8217;Or \u00e0 St Pol de L\u00e9on (29) &#8211; autour de la vie affective et sexuelle des personnes en situation de handicap dans le cadre du partenariat avec la plateforme @INTIMAGIR BRETAGNE (dont [&hellip;]<\/p>\n","protected":false},"author":2,"featured_media":3399,"comment_status":"open","ping_status":"open","sticky":false,"template":"","format":"standard","meta":{"footnotes":""},"categories":[16],"tags":[],"class_list":["post-3393","post","type-post","status-publish","format-standard","has-post-thumbnail","hentry","category-non-classe-fr"],"_links":{"self":[{"href":"https:\/\/radiokalon.com\/index.php\/wp-json\/wp\/v2\/posts\/3393","targetHints":{"allow":["GET"]}}],"collection":[{"href":"https:\/\/radiokalon.com\/index.php\/wp-json\/wp\/v2\/posts"}],"about":[{"href":"https:\/\/radiokalon.com\/index.php\/wp-json\/wp\/v2\/types\/post"}],"author":[{"embeddable":true,"href":"https:\/\/radiokalon.com\/index.php\/wp-json\/wp\/v2\/users\/2"}],"replies":[{"embeddable":true,"href":"https:\/\/radiokalon.com\/index.php\/wp-json\/wp\/v2\/comments?post=3393"}],"version-history":[{"count":3,"href":"https:\/\/radiokalon.com\/index.php\/wp-json\/wp\/v2\/posts\/3393\/revisions"}],"predecessor-version":[{"id":3401,"href":"https:\/\/radiokalon.com\/index.php\/wp-json\/wp\/v2\/posts\/3393\/revisions\/3401"}],"wp:featuredmedia":[{"embeddable":true,"href":"https:\/\/radiokalon.com\/index.php\/wp-json\/wp\/v2\/media\/3399"}],"wp:attachment":[{"href":"https:\/\/radiokalon.com\/index.php\/wp-json\/wp\/v2\/media?parent=3393"}],"wp:term":[{"taxonomy":"category","embeddable":true,"href":"https:\/\/radiokalon.com\/index.php\/wp-json\/wp\/v2\/categories?post=3393"},{"taxonomy":"post_tag","embeddable":true,"href":"https:\/\/radiokalon.com\/index.php\/wp-json\/wp\/v2\/tags?post=3393"}],"curies":[{"name":"wp","href":"https:\/\/api.w.org\/{rel}","templated":true}]}}