{"id":3402,"date":"2026-09-03T12:21:03","date_gmt":"2026-09-03T10:21:03","guid":{"rendered":"https:\/\/radiokalon.com\/?p=3402"},"modified":"2026-09-03T12:21:31","modified_gmt":"2026-09-03T10:21:31","slug":"retour-a-lage-de-pierre-au-paka-festival-a-grand-champ","status":"publish","type":"post","link":"https:\/\/radiokalon.com\/index.php\/2026\/09\/03\/retour-a-lage-de-pierre-au-paka-festival-a-grand-champ\/","title":{"rendered":"Retour \u00e0 l&#8217;\u00e2ge de Pierre au PAKA Festival \u00e0 Grand Champ !"},"content":{"rendered":"\n<p class=\"wp-block-paragraph\">Retour \u00e0 l&#8217;\u00e2ge de Pierre au <a href=\"https:\/\/www.facebook.com\/pakafestival?__cft__[0]=AZigWgpeqW6PfhbjqH5-GVZwtSc50_yFIyzb-EMDhh8Mq6nnVLRAuLm0BS1hpngato97CMuMuaDHjcCjMIHuIsd3yQCtupjLNxTw8E4BiB88rdiZ57sNr_JE-A_BdLrn7MfmqCELUVgZrjp3nBULEYaZB71SoBsR30E1IYY0dqmhAaRP--QqOaIlZpw&amp;__tn__=-]K-R\">PAKA Festival<\/a> \u00e0 Grand Champ ! Nous \u00e9tions le samedi 18 juillet au <a href=\"https:\/\/www.facebook.com\/pakafestival?__cft__[0]=AZigWgpeqW6PfhbjqH5-GVZwtSc50_yFIyzb-EMDhh8Mq6nnVLRAuLm0BS1hpngato97CMuMuaDHjcCjMIHuIsd3yQCtupjLNxTw8E4BiB88rdiZ57sNr_JE-A_BdLrn7MfmqCELUVgZrjp3nBULEYaZB71SoBsR30E1IYY0dqmhAaRP--QqOaIlZpw&amp;__tn__=-]K-R\">PAKA Festival<\/a> &#8211; un super festival familial &#8211; pour rencontrer <a href=\"https:\/\/www.facebook.com\/NataliaDoco?__cft__[0]=AZigWgpeqW6PfhbjqH5-GVZwtSc50_yFIyzb-EMDhh8Mq6nnVLRAuLm0BS1hpngato97CMuMuaDHjcCjMIHuIsd3yQCtupjLNxTw8E4BiB88rdiZ57sNr_JE-A_BdLrn7MfmqCELUVgZrjp3nBULEYaZB71SoBsR30E1IYY0dqmhAaRP--QqOaIlZpw&amp;__tn__=-]K-R\">Natalia Doco<\/a> <a href=\"https:\/\/www.facebook.com\/jiveme?__cft__[0]=AZigWgpeqW6PfhbjqH5-GVZwtSc50_yFIyzb-EMDhh8Mq6nnVLRAuLm0BS1hpngato97CMuMuaDHjcCjMIHuIsd3yQCtupjLNxTw8E4BiB88rdiZ57sNr_JE-A_BdLrn7MfmqCELUVgZrjp3nBULEYaZB71SoBsR30E1IYY0dqmhAaRP--QqOaIlZpw&amp;__tn__=-]K-R\">Jive Me<\/a> <a href=\"https:\/\/www.facebook.com\/plaisircoupablekaraoke?__cft__[0]=AZigWgpeqW6PfhbjqH5-GVZwtSc50_yFIyzb-EMDhh8Mq6nnVLRAuLm0BS1hpngato97CMuMuaDHjcCjMIHuIsd3yQCtupjLNxTw8E4BiB88rdiZ57sNr_JE-A_BdLrn7MfmqCELUVgZrjp3nBULEYaZB71SoBsR30E1IYY0dqmhAaRP--QqOaIlZpw&amp;__tn__=-]K-R\">Plaisir Coupable<\/a> @nawre @gintonmusic @vyne &#8211; de belles rencontres (ou retrouvailles) avec Danielle, Emilie, Aur\u00e9lien, Julien, Alpha, Mounir, Rasool et Antoine de Radio KALON ! Ecoutez l&#8217;interview sur <a href=\"https:\/\/www.radiokalon.com\/index.php\/podcasts\/?fbclid=IwcGRvZgFleHRuA2FlbQIxMABicmlkETBJc0RrY3BMYkxrdDA5aXdFc3J0YwZhcHBfaWQQMjIyMDM5MTc4ODIwMDg5MgABHsHmoohk3MyUYMmS43zLH_19EiVKIGePSi8vv_vIzGOIMrou55_TICv_81N__aem_6ModcDcptp4qVAPD8_guMw\" target=\"_blank\" rel=\"noopener\">http:\/\/www.radiokalon.com\/index.php\/podcasts\/<\/a> Rubrique &#8220;PAKA FESTIVAL&#8221; podcasts n\u00b01 et 2 ! Des Millions de Merci aux artistes, aux b\u00e9n\u00e9voles et festivaliers ainsi qu&#8217;\u00e0 toute l&#8217;\u00e9quipe d&#8217;organisation du <a href=\"https:\/\/www.facebook.com\/pakafestival?__cft__[0]=AZigWgpeqW6PfhbjqH5-GVZwtSc50_yFIyzb-EMDhh8Mq6nnVLRAuLm0BS1hpngato97CMuMuaDHjcCjMIHuIsd3yQCtupjLNxTw8E4BiB88rdiZ57sNr_JE-A_BdLrn7MfmqCELUVgZrjp3nBULEYaZB71SoBsR30E1IYY0dqmhAaRP--QqOaIlZpw&amp;__tn__=-]K-R\">PAKA Festival<\/a> ! Bonne \u00e9coute avec Coeur et Courage comme KALON !<\/p>\n\n\n\n<figure class=\"wp-block-image size-full is-resized\"><img loading=\"lazy\" decoding=\"async\" width=\"434\" height=\"590\" src=\"https:\/\/radiokalon.com\/wp-content\/uploads\/2026\/09\/2-5.jpg\" alt=\"\" class=\"wp-image-3407\" style=\"width:434px;height:auto\" srcset=\"https:\/\/radiokalon.com\/wp-content\/uploads\/2026\/09\/2-5.jpg 434w, https:\/\/radiokalon.com\/wp-content\/uploads\/2026\/09\/2-5-221x300.jpg 221w\" sizes=\"auto, (max-width: 434px) 100vw, 434px\" \/><\/figure>\n\n\n\n<p class=\"wp-block-paragraph\"><em>Natalia DOCO<\/em><\/p>\n\n\n\n<figure class=\"wp-block-image size-full\"><img loading=\"lazy\" decoding=\"async\" width=\"590\" height=\"443\" src=\"https:\/\/radiokalon.com\/wp-content\/uploads\/2026\/09\/3-5.jpg\" alt=\"\" class=\"wp-image-3403\" srcset=\"https:\/\/radiokalon.com\/wp-content\/uploads\/2026\/09\/3-5.jpg 590w, https:\/\/radiokalon.com\/wp-content\/uploads\/2026\/09\/3-5-300x225.jpg 300w, https:\/\/radiokalon.com\/wp-content\/uploads\/2026\/09\/3-5-400x300.jpg 400w\" sizes=\"auto, (max-width: 590px) 100vw, 590px\" \/><\/figure>\n\n\n\n<p class=\"wp-block-paragraph\"><em>JIVE ME<\/em><\/p>\n\n\n\n<figure class=\"wp-block-image size-full\"><img loading=\"lazy\" decoding=\"async\" width=\"590\" height=\"443\" src=\"https:\/\/radiokalon.com\/wp-content\/uploads\/2026\/09\/5-4.jpg\" alt=\"\" class=\"wp-image-3405\" srcset=\"https:\/\/radiokalon.com\/wp-content\/uploads\/2026\/09\/5-4.jpg 590w, https:\/\/radiokalon.com\/wp-content\/uploads\/2026\/09\/5-4-300x225.jpg 300w, https:\/\/radiokalon.com\/wp-content\/uploads\/2026\/09\/5-4-400x300.jpg 400w\" sizes=\"auto, (max-width: 590px) 100vw, 590px\" \/><\/figure>\n\n\n\n<p class=\"wp-block-paragraph\"><em>GINTON<\/em><\/p>\n\n\n\n<figure class=\"wp-block-image size-full\"><img loading=\"lazy\" decoding=\"async\" width=\"443\" height=\"590\" src=\"https:\/\/radiokalon.com\/wp-content\/uploads\/2026\/09\/4-5.jpg\" alt=\"\" class=\"wp-image-3404\" srcset=\"https:\/\/radiokalon.com\/wp-content\/uploads\/2026\/09\/4-5.jpg 443w, https:\/\/radiokalon.com\/wp-content\/uploads\/2026\/09\/4-5-225x300.jpg 225w\" sizes=\"auto, (max-width: 443px) 100vw, 443px\" \/><\/figure>\n","protected":false},"excerpt":{"rendered":"<p>Retour \u00e0 l&#8217;\u00e2ge de Pierre au PAKA Festival \u00e0 Grand Champ ! Nous \u00e9tions le samedi 18 juillet au PAKA Festival &#8211; un super festival familial &#8211; pour rencontrer Natalia Doco Jive Me Plaisir Coupable @nawre @gintonmusic @vyne &#8211; de belles rencontres (ou retrouvailles) avec Danielle, Emilie, Aur\u00e9lien, Julien, Alpha, Mounir, Rasool et Antoine de [&hellip;]<\/p>\n","protected":false},"author":2,"featured_media":3406,"comment_status":"open","ping_status":"open","sticky":false,"template":"","format":"standard","meta":{"footnotes":""},"categories":[16],"tags":[],"class_list":["post-3402","post","type-post","status-publish","format-standard","has-post-thumbnail","hentry","category-non-classe-fr"],"_links":{"self":[{"href":"https:\/\/radiokalon.com\/index.php\/wp-json\/wp\/v2\/posts\/3402","targetHints":{"allow":["GET"]}}],"collection":[{"href":"https:\/\/radiokalon.com\/index.php\/wp-json\/wp\/v2\/posts"}],"about":[{"href":"https:\/\/radiokalon.com\/index.php\/wp-json\/wp\/v2\/types\/post"}],"author":[{"embeddable":true,"href":"https:\/\/radiokalon.com\/index.php\/wp-json\/wp\/v2\/users\/2"}],"replies":[{"embeddable":true,"href":"https:\/\/radiokalon.com\/index.php\/wp-json\/wp\/v2\/comments?post=3402"}],"version-history":[{"count":2,"href":"https:\/\/radiokalon.com\/index.php\/wp-json\/wp\/v2\/posts\/3402\/revisions"}],"predecessor-version":[{"id":3409,"href":"https:\/\/radiokalon.com\/index.php\/wp-json\/wp\/v2\/posts\/3402\/revisions\/3409"}],"wp:featuredmedia":[{"embeddable":true,"href":"https:\/\/radiokalon.com\/index.php\/wp-json\/wp\/v2\/media\/3406"}],"wp:attachment":[{"href":"https:\/\/radiokalon.com\/index.php\/wp-json\/wp\/v2\/media?parent=3402"}],"wp:term":[{"taxonomy":"category","embeddable":true,"href":"https:\/\/radiokalon.com\/index.php\/wp-json\/wp\/v2\/categories?post=3402"},{"taxonomy":"post_tag","embeddable":true,"href":"https:\/\/radiokalon.com\/index.php\/wp-json\/wp\/v2\/tags?post=3402"}],"curies":[{"name":"wp","href":"https:\/\/api.w.org\/{rel}","templated":true}]}}