{"id":3410,"date":"2026-09-03T12:28:43","date_gmt":"2026-09-03T10:28:43","guid":{"rendered":"https:\/\/radiokalon.com\/?p=3410"},"modified":"2026-09-03T12:32:40","modified_gmt":"2026-09-03T10:32:40","slug":"comme-un-air-de-vacances-les-pieds-dans-leau-au-festival-plage-sauvage-a-quiberon","status":"publish","type":"post","link":"https:\/\/radiokalon.com\/index.php\/2026\/09\/03\/comme-un-air-de-vacances-les-pieds-dans-leau-au-festival-plage-sauvage-a-quiberon\/","title":{"rendered":"Comme un air de vacances les pieds dans l&#8217;eau au Festival Plage Sauvage \u00e0 Quiberon !"},"content":{"rendered":"\n<p class=\"wp-block-paragraph\">Comme un air de vacances les pieds dans l&#8217;eau au Festival <a href=\"https:\/\/www.facebook.com\/festivalplagesauvage?__cft__[0]=AZjZgweUifFqGRIq5YYYcQWYfCpPGja_W3SjJLEAAjM2hQm7ED4Hho8D40_Dob_UGBot-qJrjnkSW-6OZqyk7OlFSw3nZEpbi_Cs7xdgVV45fSQXvhvqBLvZnxmiq5yAK6C-nrccsTz3lZzcHdYRxFHGx4UknkQAl3NWw8bhigIC-ccVSI_vUtbYfn0&amp;__tn__=-]K-R\">Plage Sauvage<\/a> \u00e0 Quiberon ! Nous \u00e9tions hier au Festival Plage Sauvage &#8211; pour rencontrer <a href=\"https:\/\/www.facebook.com\/ForeverPavot?__cft__[0]=AZjZgweUifFqGRIq5YYYcQWYfCpPGja_W3SjJLEAAjM2hQm7ED4Hho8D40_Dob_UGBot-qJrjnkSW-6OZqyk7OlFSw3nZEpbi_Cs7xdgVV45fSQXvhvqBLvZnxmiq5yAK6C-nrccsTz3lZzcHdYRxFHGx4UknkQAl3NWw8bhigIC-ccVSI_vUtbYfn0&amp;__tn__=-]K-R\">Forever Pavot<\/a> et @alexis lumi\u00e8re avec Oc\u00e9ane, Mayamba, Julien, Mounir, Rasool et Antoine de Radio KALON ! Ecoutez le podcast sur <a href=\"https:\/\/www.radiokalon.com\/index.php\/podcasts\/?fbclid=IwcGRvZgFleHRuA2FlbQIxMABicmlkETBJc0RrY3BMYkxrdDA5aXdFc3J0YwZhcHBfaWQQMjIyMDM5MTc4ODIwMDg5MgABHgEWAEYmkA5NkUA9l-igfHr2afg7nu_eFe34DQxKzv0uNFRtSWXtDcwJtb___aem_FQ9oNjTTWUjaQO2PpULi1Q\" target=\"_blank\" rel=\"noopener\">http:\/\/www.radiokalon.com\/index.php\/podcasts\/<\/a> Rubrique &#8220;FESTIVAL PLAGE SAUVAGE &#8221; podcast n\u00b01 ! Des Millions de Merci aux artistes, aux festivaliers interview\u00e9s ainsi qu&#8217;\u00e0 toute l&#8217;\u00e9quipe d&#8217;organisation (et de l&#8217;h\u00f4tel complexe de plein air Sauvage) de <a href=\"https:\/\/www.facebook.com\/festivalplagesauvage?__cft__[0]=AZjZgweUifFqGRIq5YYYcQWYfCpPGja_W3SjJLEAAjM2hQm7ED4Hho8D40_Dob_UGBot-qJrjnkSW-6OZqyk7OlFSw3nZEpbi_Cs7xdgVV45fSQXvhvqBLvZnxmiq5yAK6C-nrccsTz3lZzcHdYRxFHGx4UknkQAl3NWw8bhigIC-ccVSI_vUtbYfn0&amp;__tn__=-]K-R\">Plage Sauvage<\/a> ! Bonne \u00e9coute avec Coeur et Courage comme KALON ! Et Bonnes vacances \u00e0 Vous !!!!!!!!<\/p>\n\n\n\n<figure class=\"wp-block-image size-full\"><img loading=\"lazy\" decoding=\"async\" width=\"590\" height=\"443\" src=\"https:\/\/radiokalon.com\/wp-content\/uploads\/2026\/09\/2-6.jpg\" alt=\"\" class=\"wp-image-3415\" srcset=\"https:\/\/radiokalon.com\/wp-content\/uploads\/2026\/09\/2-6.jpg 590w, https:\/\/radiokalon.com\/wp-content\/uploads\/2026\/09\/2-6-300x225.jpg 300w, https:\/\/radiokalon.com\/wp-content\/uploads\/2026\/09\/2-6-400x300.jpg 400w\" sizes=\"auto, (max-width: 590px) 100vw, 590px\" \/><\/figure>\n\n\n\n<p class=\"wp-block-paragraph\"><em>Rasool, Julien, Antoine et Mayamba (Radio KALON) avec FOREVER PAVOT<\/em><\/p>\n\n\n\n<figure class=\"wp-block-image size-full\"><img loading=\"lazy\" decoding=\"async\" width=\"590\" height=\"443\" src=\"https:\/\/radiokalon.com\/wp-content\/uploads\/2026\/09\/5-5.jpg\" alt=\"\" class=\"wp-image-3413\" srcset=\"https:\/\/radiokalon.com\/wp-content\/uploads\/2026\/09\/5-5.jpg 590w, https:\/\/radiokalon.com\/wp-content\/uploads\/2026\/09\/5-5-300x225.jpg 300w, https:\/\/radiokalon.com\/wp-content\/uploads\/2026\/09\/5-5-400x300.jpg 400w\" sizes=\"auto, (max-width: 590px) 100vw, 590px\" \/><\/figure>\n\n\n\n<p class=\"wp-block-paragraph\"><em>Maymamba, Rasool, Julien, Antoine (Radio KALON) avec <\/em>ALEXIS LUMIERE<\/p>\n\n\n\n<figure class=\"wp-block-image size-full\"><img loading=\"lazy\" decoding=\"async\" width=\"590\" height=\"443\" src=\"https:\/\/radiokalon.com\/wp-content\/uploads\/2026\/09\/4-6.jpg\" alt=\"\" class=\"wp-image-3412\" srcset=\"https:\/\/radiokalon.com\/wp-content\/uploads\/2026\/09\/4-6.jpg 590w, https:\/\/radiokalon.com\/wp-content\/uploads\/2026\/09\/4-6-300x225.jpg 300w, https:\/\/radiokalon.com\/wp-content\/uploads\/2026\/09\/4-6-400x300.jpg 400w\" sizes=\"auto, (max-width: 590px) 100vw, 590px\" \/><\/figure>\n\n\n\n<figure class=\"wp-block-image size-full\"><img loading=\"lazy\" decoding=\"async\" width=\"443\" height=\"590\" src=\"https:\/\/radiokalon.com\/wp-content\/uploads\/2026\/09\/3-6.jpg\" alt=\"\" class=\"wp-image-3411\" srcset=\"https:\/\/radiokalon.com\/wp-content\/uploads\/2026\/09\/3-6.jpg 443w, https:\/\/radiokalon.com\/wp-content\/uploads\/2026\/09\/3-6-225x300.jpg 225w\" sizes=\"auto, (max-width: 443px) 100vw, 443px\" \/><\/figure>\n\n\n\n<p class=\"wp-block-paragraph\"><em>Mayamba (Radio KALON)<\/em><\/p>\n","protected":false},"excerpt":{"rendered":"<p>Comme un air de vacances les pieds dans l&#8217;eau au Festival Plage Sauvage \u00e0 Quiberon ! Nous \u00e9tions hier au Festival Plage Sauvage &#8211; pour rencontrer Forever Pavot et @alexis lumi\u00e8re avec Oc\u00e9ane, Mayamba, Julien, Mounir, Rasool et Antoine de Radio KALON ! Ecoutez le podcast sur http:\/\/www.radiokalon.com\/index.php\/podcasts\/ Rubrique &#8220;FESTIVAL PLAGE SAUVAGE &#8221; podcast n\u00b01 [&hellip;]<\/p>\n","protected":false},"author":2,"featured_media":3414,"comment_status":"open","ping_status":"open","sticky":false,"template":"","format":"standard","meta":{"footnotes":""},"categories":[16],"tags":[],"class_list":["post-3410","post","type-post","status-publish","format-standard","has-post-thumbnail","hentry","category-non-classe-fr"],"_links":{"self":[{"href":"https:\/\/radiokalon.com\/index.php\/wp-json\/wp\/v2\/posts\/3410","targetHints":{"allow":["GET"]}}],"collection":[{"href":"https:\/\/radiokalon.com\/index.php\/wp-json\/wp\/v2\/posts"}],"about":[{"href":"https:\/\/radiokalon.com\/index.php\/wp-json\/wp\/v2\/types\/post"}],"author":[{"embeddable":true,"href":"https:\/\/radiokalon.com\/index.php\/wp-json\/wp\/v2\/users\/2"}],"replies":[{"embeddable":true,"href":"https:\/\/radiokalon.com\/index.php\/wp-json\/wp\/v2\/comments?post=3410"}],"version-history":[{"count":2,"href":"https:\/\/radiokalon.com\/index.php\/wp-json\/wp\/v2\/posts\/3410\/revisions"}],"predecessor-version":[{"id":3417,"href":"https:\/\/radiokalon.com\/index.php\/wp-json\/wp\/v2\/posts\/3410\/revisions\/3417"}],"wp:featuredmedia":[{"embeddable":true,"href":"https:\/\/radiokalon.com\/index.php\/wp-json\/wp\/v2\/media\/3414"}],"wp:attachment":[{"href":"https:\/\/radiokalon.com\/index.php\/wp-json\/wp\/v2\/media?parent=3410"}],"wp:term":[{"taxonomy":"category","embeddable":true,"href":"https:\/\/radiokalon.com\/index.php\/wp-json\/wp\/v2\/categories?post=3410"},{"taxonomy":"post_tag","embeddable":true,"href":"https:\/\/radiokalon.com\/index.php\/wp-json\/wp\/v2\/tags?post=3410"}],"curies":[{"name":"wp","href":"https:\/\/api.w.org\/{rel}","templated":true}]}}