{"id":3418,"date":"2026-09-03T13:39:38","date_gmt":"2026-09-03T11:39:38","guid":{"rendered":"https:\/\/radiokalon.com\/?p=3418"},"modified":"2026-09-03T13:44:40","modified_gmt":"2026-09-03T11:44:40","slug":"la-danse-de-lhyppocampe-au-phare-ouestival","status":"publish","type":"post","link":"https:\/\/radiokalon.com\/index.php\/2026\/09\/03\/la-danse-de-lhyppocampe-au-phare-ouestival\/","title":{"rendered":"La danse de l&#8217;hyppocampe au Phare Ouest&#8217;ival !"},"content":{"rendered":"\n<p class=\"wp-block-paragraph\">Comme un air de vacances en cette rentr\u00e9e sur Radio KALON et nous sommes chanceux pour cette 2\u00e8me \u00e9dition du PhareOuest&#8217;Ival <a href=\"https:\/\/www.facebook.com\/profile.php?id=61576768498206&amp;__cft__[0]=AZj1wDlx6-LTk1YfUypw15xB-LT5hIftFpX0Sc8GtfDq1i4t2pFsUdomhmVch5TcRHGilUa6eEm14hgli4hhrkqjeNymbxEvIhb-791vcxv4vjAzJEJrb31PUcZfZzi4hHMDfJwc7jI&amp;__tn__=-]K-R\">Abadakore<\/a> plac\u00e9e sous le signe de l&#8217;hyppocampe ! Avec les rencontres de <a href=\"https:\/\/www.facebook.com\/TekMaoMusic?__cft__[0]=AZj1wDlx6-LTk1YfUypw15xB-LT5hIftFpX0Sc8GtfDq1i4t2pFsUdomhmVch5TcRHGilUa6eEm14hgli4hhrkqjeNymbxEvIhb-791vcxv4vjAzJEJrb31PUcZfZzi4hHMDfJwc7jI&amp;__tn__=-]K-R\">TekMao<\/a> <a href=\"https:\/\/www.facebook.com\/chyneski?__cft__[0]=AZj1wDlx6-LTk1YfUypw15xB-LT5hIftFpX0Sc8GtfDq1i4t2pFsUdomhmVch5TcRHGilUa6eEm14hgli4hhrkqjeNymbxEvIhb-791vcxv4vjAzJEJrb31PUcZfZzi4hHMDfJwc7jI&amp;__tn__=-]K-R\">Chyneski<\/a> <a href=\"https:\/\/www.facebook.com\/supercagette?__cft__[0]=AZj1wDlx6-LTk1YfUypw15xB-LT5hIftFpX0Sc8GtfDq1i4t2pFsUdomhmVch5TcRHGilUa6eEm14hgli4hhrkqjeNymbxEvIhb-791vcxv4vjAzJEJrb31PUcZfZzi4hHMDfJwc7jI&amp;__tn__=-]K-R\">Super Cagette<\/a> <a href=\"https:\/\/www.facebook.com\/louvmusicsolo?__cft__[0]=AZj1wDlx6-LTk1YfUypw15xB-LT5hIftFpX0Sc8GtfDq1i4t2pFsUdomhmVch5TcRHGilUa6eEm14hgli4hhrkqjeNymbxEvIhb-791vcxv4vjAzJEJrb31PUcZfZzi4hHMDfJwc7jI&amp;__tn__=-]K-R\">Louv<\/a> par nos kalonien(nes) Oc\u00e9ane, Mahono, Julien, Mounir, Rasool, Tom, et Antoine de Radio KALON ! Ecoutez le podcast en int\u00e9gralit\u00e9 ce soir \u00e0 21h sur le <a href=\"https:\/\/radiokalon.com\/?fbclid=IwcGRvZgFleHRuA2FlbQIxMABicmlkETBJc0RrY3BMYkxrdDA5aXdFc3J0YwZhcHBfaWQQMjIyMDM5MTc4ODIwMDg5MgABHlVSiDST_9bj8MzHeEqIBuhOQtLOYiNLmuqlgJlJz6EdiqGyS3RPinkBjPwM_aem_pJO156lQosUHyhjWcUUq7A\" target=\"_blank\" rel=\"noopener\">https:\/\/radiokalon.com\/<\/a> ou sur <a href=\"https:\/\/l.facebook.com\/l.php?u=https%3A%2F%2Fwww.radiokalon.com%2Findex.php%2Fpodcasts%2F%3Ffbclid%3DIwcGRvZgFleHRuA2FlbQIxMABicmlkETBJc0RrY3BMYkxrdDA5aXdFc3J0YwZhcHBfaWQQMjIyMDM5MTc4ODIwMDg5MgABHnSDBMOVNB7cHO0Fhqh6LpmLiAUTbDhxMyYMfHp63RKTbj67AxGLw64-_j5A_aem_M0-I0850Uc6jvqjrgKX3wA&amp;h=AUAqB7UFq7zkF2EcaWYndvuVmfz4q37K6y-TzEOz_WoLUBCj-B2Kayz6Yj2kPQ1YGcL1yqcHH7VCq1e3yhLK0tnWfTQBfoJTvHzZCWo_zoQT3mWvG4v7KzGUNc4edEz2O_SSv3ugk9pOFBlXgPog08C9cjoV8A&amp;__tn__=-UK-R&amp;c[0]=AUDwWSPMb8O8w-6ofNmqny1RNLeBk4jwOCULCw9zcC0YvwxDtOX84D30QsAkMh0vmub1l3sS-94o-v9KdCNcOK4tkrgd5lUIvdWUywdikyssEqU-WqNwTvQ_ggoFoeT2_5lnUenpGUogQa2lko3r3baK3k3U4BUOYh7BOqbmhw\" target=\"_blank\" rel=\"noopener\">http:\/\/www.radiokalon.com\/index.php\/podcasts\/<\/a> Rubrique &#8220;Phare Ouest&#8217;ival&#8221; podcasts n\u00b01 et 2 ! Des Millions de Merci aux artistes et b\u00e9n\u00e9voles interview\u00e9s ainsi qu&#8217;\u00e0 toute l&#8217;\u00e9quipe d&#8217;organisation d&#8217; <a href=\"https:\/\/www.facebook.com\/profile.php?id=61576768498206&amp;__cft__[0]=AZj1wDlx6-LTk1YfUypw15xB-LT5hIftFpX0Sc8GtfDq1i4t2pFsUdomhmVch5TcRHGilUa6eEm14hgli4hhrkqjeNymbxEvIhb-791vcxv4vjAzJEJrb31PUcZfZzi4hHMDfJwc7jI&amp;__tn__=-]K-R\">Abadakore<\/a> ! Bonne \u00e9coute avec Coeur et Courage comme KALON ! Et Bonne rentr\u00e9e \u00e0 Vous !!!!!!!!<\/p>\n\n\n\n<figure class=\"wp-block-image size-full\"><img loading=\"lazy\" decoding=\"async\" width=\"590\" height=\"443\" src=\"https:\/\/radiokalon.com\/wp-content\/uploads\/2026\/09\/2-7.jpg\" alt=\"\" class=\"wp-image-3424\" srcset=\"https:\/\/radiokalon.com\/wp-content\/uploads\/2026\/09\/2-7.jpg 590w, https:\/\/radiokalon.com\/wp-content\/uploads\/2026\/09\/2-7-300x225.jpg 300w, https:\/\/radiokalon.com\/wp-content\/uploads\/2026\/09\/2-7-400x300.jpg 400w\" sizes=\"auto, (max-width: 590px) 100vw, 590px\" \/><\/figure>\n\n\n\n<p class=\"wp-block-paragraph\"><em>Tom et Julien (Radio KALON) avec LOUV<\/em><\/p>\n\n\n\n<figure class=\"wp-block-image size-full\"><img loading=\"lazy\" decoding=\"async\" width=\"590\" height=\"443\" src=\"https:\/\/radiokalon.com\/wp-content\/uploads\/2026\/09\/4-7.jpg\" alt=\"\" class=\"wp-image-3423\" srcset=\"https:\/\/radiokalon.com\/wp-content\/uploads\/2026\/09\/4-7.jpg 590w, https:\/\/radiokalon.com\/wp-content\/uploads\/2026\/09\/4-7-300x225.jpg 300w, https:\/\/radiokalon.com\/wp-content\/uploads\/2026\/09\/4-7-400x300.jpg 400w\" sizes=\"auto, (max-width: 590px) 100vw, 590px\" \/><\/figure>\n\n\n\n<p class=\"wp-block-paragraph\"><em>Tom, Mahono et Julien (Radio KALON) avec TEKMAO<\/em><\/p>\n\n\n\n<figure class=\"wp-block-image size-full\"><img loading=\"lazy\" decoding=\"async\" width=\"590\" height=\"443\" src=\"https:\/\/radiokalon.com\/wp-content\/uploads\/2026\/09\/3-7.jpg\" alt=\"\" class=\"wp-image-3421\" srcset=\"https:\/\/radiokalon.com\/wp-content\/uploads\/2026\/09\/3-7.jpg 590w, https:\/\/radiokalon.com\/wp-content\/uploads\/2026\/09\/3-7-300x225.jpg 300w, https:\/\/radiokalon.com\/wp-content\/uploads\/2026\/09\/3-7-400x300.jpg 400w\" sizes=\"auto, (max-width: 590px) 100vw, 590px\" \/><\/figure>\n\n\n\n<p class=\"wp-block-paragraph\"><em>Oc\u00e9ane, Tom, Dylan, Julien, Rasool (Radio KALON) avec SUPERCAGETTE<\/em><\/p>\n\n\n\n<figure class=\"wp-block-image size-full\"><img loading=\"lazy\" decoding=\"async\" width=\"443\" height=\"590\" src=\"https:\/\/radiokalon.com\/wp-content\/uploads\/2026\/09\/5-6.jpg\" alt=\"\" class=\"wp-image-3422\" srcset=\"https:\/\/radiokalon.com\/wp-content\/uploads\/2026\/09\/5-6.jpg 443w, https:\/\/radiokalon.com\/wp-content\/uploads\/2026\/09\/5-6-225x300.jpg 225w\" sizes=\"auto, (max-width: 443px) 100vw, 443px\" \/><\/figure>\n","protected":false},"excerpt":{"rendered":"<p>Comme un air de vacances en cette rentr\u00e9e sur Radio KALON et nous sommes chanceux pour cette 2\u00e8me \u00e9dition du PhareOuest&#8217;Ival Abadakore plac\u00e9e sous le signe de l&#8217;hyppocampe ! Avec les rencontres de TekMao Chyneski Super Cagette Louv par nos kalonien(nes) Oc\u00e9ane, Mahono, Julien, Mounir, Rasool, Tom, et Antoine de Radio KALON ! Ecoutez le [&hellip;]<\/p>\n","protected":false},"author":2,"featured_media":3420,"comment_status":"open","ping_status":"open","sticky":false,"template":"","format":"standard","meta":{"footnotes":""},"categories":[16],"tags":[],"class_list":["post-3418","post","type-post","status-publish","format-standard","has-post-thumbnail","hentry","category-non-classe-fr"],"_links":{"self":[{"href":"https:\/\/radiokalon.com\/index.php\/wp-json\/wp\/v2\/posts\/3418","targetHints":{"allow":["GET"]}}],"collection":[{"href":"https:\/\/radiokalon.com\/index.php\/wp-json\/wp\/v2\/posts"}],"about":[{"href":"https:\/\/radiokalon.com\/index.php\/wp-json\/wp\/v2\/types\/post"}],"author":[{"embeddable":true,"href":"https:\/\/radiokalon.com\/index.php\/wp-json\/wp\/v2\/users\/2"}],"replies":[{"embeddable":true,"href":"https:\/\/radiokalon.com\/index.php\/wp-json\/wp\/v2\/comments?post=3418"}],"version-history":[{"count":3,"href":"https:\/\/radiokalon.com\/index.php\/wp-json\/wp\/v2\/posts\/3418\/revisions"}],"predecessor-version":[{"id":3426,"href":"https:\/\/radiokalon.com\/index.php\/wp-json\/wp\/v2\/posts\/3418\/revisions\/3426"}],"wp:featuredmedia":[{"embeddable":true,"href":"https:\/\/radiokalon.com\/index.php\/wp-json\/wp\/v2\/media\/3420"}],"wp:attachment":[{"href":"https:\/\/radiokalon.com\/index.php\/wp-json\/wp\/v2\/media?parent=3418"}],"wp:term":[{"taxonomy":"category","embeddable":true,"href":"https:\/\/radiokalon.com\/index.php\/wp-json\/wp\/v2\/categories?post=3418"},{"taxonomy":"post_tag","embeddable":true,"href":"https:\/\/radiokalon.com\/index.php\/wp-json\/wp\/v2\/tags?post=3418"}],"curies":[{"name":"wp","href":"https:\/\/api.w.org\/{rel}","templated":true}]}}