{"id":342,"date":"2020-12-02T10:52:17","date_gmt":"2020-12-02T09:52:17","guid":{"rendered":"http:\/\/www.radiokalon.fr\/?p=342"},"modified":"2020-12-02T10:52:17","modified_gmt":"2020-12-02T09:52:17","slug":"deux-nouvelles-emissions-de-bourmehiec-sont-en-ligne","status":"publish","type":"post","link":"https:\/\/radiokalon.com\/index.php\/2020\/12\/02\/deux-nouvelles-emissions-de-bourmehiec-sont-en-ligne\/","title":{"rendered":"Deux nouvelles \u00e9missions de Bourmehiec sont en ligne !"},"content":{"rendered":"\n<p>Antoine et l&#8217;\u00e9quipe d&#8217;Emmaus Vannes vous proposent deux nouvelles \u00e9missions de Bourmehiec.<\/p>\n\n\n\n<p>Ecoutez-les ici&#8230;.<\/p>\n\n\n\n<figure class=\"wp-block-audio\"><audio controls src=\"https:\/\/radiokalon-wp.kaz.bzh\/wp-content\/uploads\/2020\/12\/Emission-Bourmehiec-10.mp3\"><\/audio><figcaption>Bourmehiec 10<\/figcaption><\/figure>\n\n\n\n<figure class=\"wp-block-audio\"><audio controls src=\"https:\/\/radiokalon-wp.kaz.bzh\/wp-content\/uploads\/2020\/12\/Emission-Bourmehiec-11.mp3\"><\/audio><figcaption>Bourmehiec 11<\/figcaption><\/figure>\n\n\n\n<div class=\"wp-block-group\"><div class=\"wp-block-group__inner-container is-layout-flow wp-block-group-is-layout-flow\">\n<div class=\"wp-block-jetpack-tiled-gallery aligncenter is-style-rectangular\"><div class=\"tiled-gallery__gallery\"><div class=\"tiled-gallery__row\"><div class=\"tiled-gallery__col\" style=\"flex-basis:100%\"><figure class=\"tiled-gallery__item\"><img decoding=\"async\" alt=\"\" data-height=\"477\" data-id=\"127\" data-link=\"https:\/\/radiokalon-wp.kaz.bzh\/index.php\/podcasts\/equipe-emmaus-vannes\/\" data-url=\"https:\/\/radiokalon-wp.kaz.bzh\/wp-content\/uploads\/2020\/06\/Equipe-EMMAUS-Vannes.jpg\" data-width=\"800\" src=\"https:\/\/i0.wp.com\/www.radiokalon.com\/wp-content\/uploads\/2020\/06\/Equipe-EMMAUS-Vannes.jpg\" layout=\"responsive\"\/><\/figure><\/div><\/div><\/div><\/div>\n<\/div><\/div>\n\n\n\n<p>Retrouvez toutes nos \u00e9missions pr\u00e9c\u00e9dentes d&#8217;Emmaus Vannes , de Bourmehiec et de nos autres <a href=\"https:\/\/radiokalon-wp.kaz.bzh\/index.php\/partenaires\/partenariats\/\">partenaires<\/a> dans la rubrique <a href=\"https:\/\/radiokalon-wp.kaz.bzh\/index.php\/podcasts\/\">PODCASTS<\/a><\/p>\n","protected":false},"excerpt":{"rendered":"<p>Antoine et l&#8217;\u00e9quipe d&#8217;Emmaus Vannes vous proposent deux nouvelles \u00e9missions de Bourmehiec. Ecoutez-les ici&#8230;. Retrouvez toutes nos \u00e9missions pr\u00e9c\u00e9dentes d&#8217;Emmaus Vannes , de Bourmehiec et de nos autres partenaires dans la rubrique PODCASTS<\/p>\n","protected":false},"author":1,"featured_media":164,"comment_status":"open","ping_status":"open","sticky":false,"template":"","format":"standard","meta":{"footnotes":""},"categories":[16],"tags":[],"class_list":["post-342","post","type-post","status-publish","format-standard","has-post-thumbnail","hentry","category-non-classe-fr"],"_links":{"self":[{"href":"https:\/\/radiokalon.com\/index.php\/wp-json\/wp\/v2\/posts\/342","targetHints":{"allow":["GET"]}}],"collection":[{"href":"https:\/\/radiokalon.com\/index.php\/wp-json\/wp\/v2\/posts"}],"about":[{"href":"https:\/\/radiokalon.com\/index.php\/wp-json\/wp\/v2\/types\/post"}],"author":[{"embeddable":true,"href":"https:\/\/radiokalon.com\/index.php\/wp-json\/wp\/v2\/users\/1"}],"replies":[{"embeddable":true,"href":"https:\/\/radiokalon.com\/index.php\/wp-json\/wp\/v2\/comments?post=342"}],"version-history":[{"count":2,"href":"https:\/\/radiokalon.com\/index.php\/wp-json\/wp\/v2\/posts\/342\/revisions"}],"predecessor-version":[{"id":344,"href":"https:\/\/radiokalon.com\/index.php\/wp-json\/wp\/v2\/posts\/342\/revisions\/344"}],"wp:featuredmedia":[{"embeddable":true,"href":"https:\/\/radiokalon.com\/index.php\/wp-json\/wp\/v2\/media\/164"}],"wp:attachment":[{"href":"https:\/\/radiokalon.com\/index.php\/wp-json\/wp\/v2\/media?parent=342"}],"wp:term":[{"taxonomy":"category","embeddable":true,"href":"https:\/\/radiokalon.com\/index.php\/wp-json\/wp\/v2\/categories?post=342"},{"taxonomy":"post_tag","embeddable":true,"href":"https:\/\/radiokalon.com\/index.php\/wp-json\/wp\/v2\/tags?post=342"}],"curies":[{"name":"wp","href":"https:\/\/api.w.org\/{rel}","templated":true}]}}