{"id":3427,"date":"2026-09-03T13:48:39","date_gmt":"2026-09-03T11:48:39","guid":{"rendered":"https:\/\/radiokalon.com\/?p=3427"},"modified":"2026-09-03T13:51:03","modified_gmt":"2026-09-03T11:51:03","slug":"sens-inclusion-solidarite-bienvenue-au-yaka-paddle-festival","status":"publish","type":"post","link":"https:\/\/radiokalon.com\/index.php\/2026\/09\/03\/sens-inclusion-solidarite-bienvenue-au-yaka-paddle-festival\/","title":{"rendered":"Sens , Inclusion, Solidarit\u00e9 &#8211; Bienvenue au Yaka Paddle Festival !"},"content":{"rendered":"\n<p class=\"wp-block-paragraph\">Sens , Inclusion, Solidarit\u00e9 &#8211; Bienvenue \u00e0 Larmor Plage au <a href=\"https:\/\/www.facebook.com\/yakapaddlefestival?__cft__[0]=AZj4uaiCn77ZcZ1NzaJbOZWHBFhCbFOQ3GEcWnlEAlrVlK9C8yk_8FSwMwwZ_5CPqh0JMliNtarHpA_h3_XFPKmnDHz3tMgfRGFZnwxGqmTz66qdD4TnQb4x6_H39BeHETYAGLenRuMglJ7th1zFtlZdunBcvIzMKsraO4v5MTX470wviSvqvUsKUeM&amp;__tn__=-]K-R\">Yaka Paddle Festival<\/a> &#8211; un super moment pass\u00e9 avec Christine, Yuging et Julien de Radio KALON ! Ecoutez le podcast en int\u00e9gralit\u00e9 ce soir \u00e0 21h sur le <a href=\"https:\/\/l.facebook.com\/l.php?u=https%3A%2F%2Fradiokalon.com%2F%3Ffbclid%3DIwcGRvZgFleHRuA2FlbQIxMABicmlkETBJc0RrY3BMYkxrdDA5aXdFc3J0YwZhcHBfaWQQMjIyMDM5MTc4ODIwMDg5MgABHrOvi1Nk2wJiCJVGGiDr2JMPWwxRIjaNq5Rc103XnqVUuP3OT06PhZrQfNPp_aem_Rp_ouXxTeM3z7kHbHH-mDg&amp;h=AUB4_zh09sL4tVDjur1IfhrAJiP1W2wCwLIpBt-dPCzIGjdBih6Fh7joFKNQriTGOUbnLu4pZcxQI1iBwtlO15KBcVOlvGhiX1HdI8jyWIPPWUyfBOK23ndA6HvNLtqY96D9Kto8BooRAf6oAAHMzgeS7zz2HQ&amp;__tn__=-UK-R&amp;c[0]=AUDzzrxGLvu1P2GzntL5UyQLA_vR-wwSZkpCCYf8HexqhWtQFUCCFYbj1FyaMD6sVqSeg7TWKCCmOTJ-nXcJNXpjMGy_Kj7YM8SY76vb70wRz8EkwK1iF51P-XCMPRmHZITB3mqBFxlyONJHWTosajXFcLjt3ZMw_0KWoOWzehL0T3XMOc7SEJl39Y3IBjOcq5OMmatVmEvUr_vMxgLOsbiMgg\" target=\"_blank\" rel=\"noopener\">https:\/\/radiokalon.com\/<\/a> ou sur <a href=\"https:\/\/www.radiokalon.com\/index.php\/podcasts\/?fbclid=IwcGRvZgFleHRuA2FlbQIxMABicmlkETBJc0RrY3BMYkxrdDA5aXdFc3J0YwZhcHBfaWQQMjIyMDM5MTc4ODIwMDg5MgABHoWgW0m7yvggadtMT4_DftP7JPcZiJW0ZDTZYTg2nu8tGiMphxw7IMbXGKpG_aem_E_ypXjeMkS2qbqM6hCgOeg\" target=\"_blank\" rel=\"noopener\">http:\/\/www.radiokalon.com\/index.php\/podcasts\/<\/a> Rubrique &#8220;Yaka Paddle Festival&#8221; podcast n\u00b01 ! Des Millions de Merci aux artistes (dont <a href=\"https:\/\/www.facebook.com\/LARUSEDUPAIRELAFEINTE?__cft__[0]=AZj4uaiCn77ZcZ1NzaJbOZWHBFhCbFOQ3GEcWnlEAlrVlK9C8yk_8FSwMwwZ_5CPqh0JMliNtarHpA_h3_XFPKmnDHz3tMgfRGFZnwxGqmTz66qdD4TnQb4x6_H39BeHETYAGLenRuMglJ7th1zFtlZdunBcvIzMKsraO4v5MTX470wviSvqvUsKUeM&amp;__tn__=-]K-R\">La RUSE du p\u00e8re lafeinte<\/a> super groupe et concert !!! ) et b\u00e9n\u00e9voles interview\u00e9s ainsi qu&#8217;\u00e0 toute l&#8217;\u00e9quipe d&#8217;organisation du Yaka Paddle Festival ! Bonne \u00e9coute avec Coeur et Courage comme KALON ! Et bonne rentr\u00e9e !<\/p>\n\n\n\n<figure class=\"wp-block-image size-full\"><img loading=\"lazy\" decoding=\"async\" width=\"590\" height=\"443\" src=\"https:\/\/radiokalon.com\/wp-content\/uploads\/2026\/09\/2-8.jpg\" alt=\"\" class=\"wp-image-3433\" srcset=\"https:\/\/radiokalon.com\/wp-content\/uploads\/2026\/09\/2-8.jpg 590w, https:\/\/radiokalon.com\/wp-content\/uploads\/2026\/09\/2-8-300x225.jpg 300w, https:\/\/radiokalon.com\/wp-content\/uploads\/2026\/09\/2-8-400x300.jpg 400w\" sizes=\"auto, (max-width: 590px) 100vw, 590px\" \/><\/figure>\n\n\n\n<p class=\"wp-block-paragraph\"><em>Huging, Christine et Julien (Radio KALON) avec LA RUSE DU PERE LAFEINTE<\/em><\/p>\n\n\n\n<figure class=\"wp-block-image size-full\"><img loading=\"lazy\" decoding=\"async\" width=\"590\" height=\"443\" src=\"https:\/\/radiokalon.com\/wp-content\/uploads\/2026\/09\/5-7.jpg\" alt=\"\" class=\"wp-image-3430\" srcset=\"https:\/\/radiokalon.com\/wp-content\/uploads\/2026\/09\/5-7.jpg 590w, https:\/\/radiokalon.com\/wp-content\/uploads\/2026\/09\/5-7-300x225.jpg 300w, https:\/\/radiokalon.com\/wp-content\/uploads\/2026\/09\/5-7-400x300.jpg 400w\" sizes=\"auto, (max-width: 590px) 100vw, 590px\" \/><\/figure>\n\n\n\n<figure class=\"wp-block-image size-full\"><img loading=\"lazy\" decoding=\"async\" width=\"590\" height=\"443\" src=\"https:\/\/radiokalon.com\/wp-content\/uploads\/2026\/09\/4-8.jpg\" alt=\"\" class=\"wp-image-3431\" srcset=\"https:\/\/radiokalon.com\/wp-content\/uploads\/2026\/09\/4-8.jpg 590w, https:\/\/radiokalon.com\/wp-content\/uploads\/2026\/09\/4-8-300x225.jpg 300w, https:\/\/radiokalon.com\/wp-content\/uploads\/2026\/09\/4-8-400x300.jpg 400w\" sizes=\"auto, (max-width: 590px) 100vw, 590px\" \/><\/figure>\n\n\n\n<figure class=\"wp-block-image size-full\"><img loading=\"lazy\" decoding=\"async\" width=\"443\" height=\"590\" src=\"https:\/\/radiokalon.com\/wp-content\/uploads\/2026\/09\/3-8.jpg\" alt=\"\" class=\"wp-image-3429\" srcset=\"https:\/\/radiokalon.com\/wp-content\/uploads\/2026\/09\/3-8.jpg 443w, https:\/\/radiokalon.com\/wp-content\/uploads\/2026\/09\/3-8-225x300.jpg 225w\" sizes=\"auto, (max-width: 443px) 100vw, 443px\" \/><\/figure>\n","protected":false},"excerpt":{"rendered":"<p>Sens , Inclusion, Solidarit\u00e9 &#8211; Bienvenue \u00e0 Larmor Plage au Yaka Paddle Festival &#8211; un super moment pass\u00e9 avec Christine, Yuging et Julien de Radio KALON ! Ecoutez le podcast en int\u00e9gralit\u00e9 ce soir \u00e0 21h sur le https:\/\/radiokalon.com\/ ou sur http:\/\/www.radiokalon.com\/index.php\/podcasts\/ Rubrique &#8220;Yaka Paddle Festival&#8221; podcast n\u00b01 ! Des Millions de Merci aux artistes [&hellip;]<\/p>\n","protected":false},"author":2,"featured_media":3432,"comment_status":"open","ping_status":"open","sticky":false,"template":"","format":"standard","meta":{"footnotes":""},"categories":[16],"tags":[],"class_list":["post-3427","post","type-post","status-publish","format-standard","has-post-thumbnail","hentry","category-non-classe-fr"],"_links":{"self":[{"href":"https:\/\/radiokalon.com\/index.php\/wp-json\/wp\/v2\/posts\/3427","targetHints":{"allow":["GET"]}}],"collection":[{"href":"https:\/\/radiokalon.com\/index.php\/wp-json\/wp\/v2\/posts"}],"about":[{"href":"https:\/\/radiokalon.com\/index.php\/wp-json\/wp\/v2\/types\/post"}],"author":[{"embeddable":true,"href":"https:\/\/radiokalon.com\/index.php\/wp-json\/wp\/v2\/users\/2"}],"replies":[{"embeddable":true,"href":"https:\/\/radiokalon.com\/index.php\/wp-json\/wp\/v2\/comments?post=3427"}],"version-history":[{"count":3,"href":"https:\/\/radiokalon.com\/index.php\/wp-json\/wp\/v2\/posts\/3427\/revisions"}],"predecessor-version":[{"id":3435,"href":"https:\/\/radiokalon.com\/index.php\/wp-json\/wp\/v2\/posts\/3427\/revisions\/3435"}],"wp:featuredmedia":[{"embeddable":true,"href":"https:\/\/radiokalon.com\/index.php\/wp-json\/wp\/v2\/media\/3432"}],"wp:attachment":[{"href":"https:\/\/radiokalon.com\/index.php\/wp-json\/wp\/v2\/media?parent=3427"}],"wp:term":[{"taxonomy":"category","embeddable":true,"href":"https:\/\/radiokalon.com\/index.php\/wp-json\/wp\/v2\/categories?post=3427"},{"taxonomy":"post_tag","embeddable":true,"href":"https:\/\/radiokalon.com\/index.php\/wp-json\/wp\/v2\/tags?post=3427"}],"curies":[{"name":"wp","href":"https:\/\/api.w.org\/{rel}","templated":true}]}}