{"id":389,"date":"2021-01-22T11:23:10","date_gmt":"2021-01-22T10:23:10","guid":{"rendered":"http:\/\/www.radiokalon.fr\/?p=389"},"modified":"2021-01-22T11:23:42","modified_gmt":"2021-01-22T10:23:42","slug":"radio-kalon-une-radio-pour-lemploi","status":"publish","type":"post","link":"https:\/\/radiokalon.com\/index.php\/2021\/01\/22\/radio-kalon-une-radio-pour-lemploi\/","title":{"rendered":"Radio Kalon : une radio pour l&#8217;emploi"},"content":{"rendered":"\n<h5 class=\"wp-block-heading\"><em>Dans le cadre d\u2019un partenariat entre l\u2019association Maison de l\u2019Argoat \u00e0 Guingamp et Radio Kalon, des salari\u00e9<\/em><em>\u00b7e\u00b7s<\/em><em>&nbsp;se familiarisent avec le support radiophonique pour aller \u00e0 la rencontre des entreprises. Depuis le 20 novembre 2020, les \u00e9missions sont diffus\u00e9es en direct sur internet ou disponible en podcast.<\/em><\/h5>\n\n\n\n\n\n<p>Radio Kalon \u2013&nbsp;<em>Kalon signifie c\u0153ur, courage en breton<\/em>&nbsp;\u2013 est une radio \u00e0 finalit\u00e9 d\u2019insertion sociale et professionnelle en Bretagne. N\u00e9e de l\u2019id\u00e9e d\u2019associer radio associative et entreprise d\u2019insertion, elle participe \u00e0 l\u2019insertion sociale \u00e0 travers des ateliers radio, des \u00e9missions, des reportages, etc.<\/p>\n\n\n\n<p>Lors d\u2019une rencontre entre le fondateur de Radio Kalon et des responsables de la Maison de l\u2019Argoat \u2013&nbsp;<em>SIAE int\u00e9gr\u00e9e au programme SEVE Emploi<\/em>&nbsp;\u2013, un partenariat s\u2019est nou\u00e9 pour diversifier les supports d\u2019accompagnement aupr\u00e8s des salari\u00e9\u00b7e\u00b7s en transition professionnelle. Entre novembre 2020 et juin 2021, toutes les deux semaines, les salari\u00e9\u00b7e\u00b7s sont sollicit\u00e9\u00b7e\u00b7s pour pr\u00e9parer les th\u00e9matiques \u00e0 aborder, construire les trames des \u00e9missions, enregistrer \u00e0 partir du mat\u00e9riel mis \u00e0 disposition, contribuer au montage du podcast et \u00e0 sa diffusion.<\/p>\n\n\n\n<h4 class=\"wp-block-heading\"><strong>Une ligne \u00e9ditoriale dirig\u00e9e vers la relation entreprise<\/strong><\/h4>\n\n\n\n<p>Les actions men\u00e9es s\u2019inscrivent dans le cadre du programme SEVE Emploi avec l\u2019ambition d\u2019aller en entreprise \u00e0 la d\u00e9couverte des m\u00e9tiers et des employeurs. Il s\u2019agit de combiner la diversification des modes d\u2019accompagnement des salari\u00e9\u00b7e\u00b7s avec l\u2019animation et le d\u00e9veloppement du r\u00e9seau d\u2019entreprises. Pour ce faire, des \u00e9missions seront programm\u00e9es au sein des entreprises gr\u00e2ce au mat\u00e9riel portatif.<\/p>\n\n\n\n<p>\u00ab&nbsp;<em>Ce partenariat nous permet de faire bouger les lignes, les repr\u00e9sentations du groupe de salari\u00e9s en transition professionnelle sur le monde de l\u2019entreprise et de faire participer les employeurs du territoire \u00e0 notre projet associatif<\/em>&nbsp;\u00bb, indique Val\u00e9rie FAYOL, responsable de p\u00f4le \u00e0 la Maison de l\u2019Argoat.<\/p>\n\n\n\n<p>Pour aller plus loin, il s\u2019agira pour les salari\u00e9\u00b7e\u00b7s d\u2019envisager des p\u00e9riodes d\u2019immersion en entreprises, voire des contrats de travail.<\/p>\n\n\n\n<p>Le lien vers les podcasts de Radio Kalon&nbsp;:&nbsp;<a href=\"https:\/\/radiokalon-wp.kaz.bzh\/index.php\/podcasts\/\">https:\/\/radiokalon-wp.kaz.bzh\/index.php\/podcasts\/<\/a><\/p>\n","protected":false},"excerpt":{"rendered":"<p>Dans le cadre d\u2019un partenariat entre l\u2019association Maison de l\u2019Argoat \u00e0 Guingamp et Radio Kalon, des salari\u00e9\u00b7e\u00b7s&nbsp;se familiarisent avec le support radiophonique pour aller \u00e0 la rencontre des entreprises. Depuis le 20 novembre 2020, les \u00e9missions sont diffus\u00e9es en direct sur internet ou disponible en podcast. Radio Kalon \u2013&nbsp;Kalon signifie c\u0153ur, courage en breton&nbsp;\u2013 est [&hellip;]<\/p>\n","protected":false},"author":1,"featured_media":0,"comment_status":"open","ping_status":"open","sticky":false,"template":"","format":"standard","meta":{"footnotes":""},"categories":[16],"tags":[],"class_list":["post-389","post","type-post","status-publish","format-standard","hentry","category-non-classe-fr"],"_links":{"self":[{"href":"https:\/\/radiokalon.com\/index.php\/wp-json\/wp\/v2\/posts\/389","targetHints":{"allow":["GET"]}}],"collection":[{"href":"https:\/\/radiokalon.com\/index.php\/wp-json\/wp\/v2\/posts"}],"about":[{"href":"https:\/\/radiokalon.com\/index.php\/wp-json\/wp\/v2\/types\/post"}],"author":[{"embeddable":true,"href":"https:\/\/radiokalon.com\/index.php\/wp-json\/wp\/v2\/users\/1"}],"replies":[{"embeddable":true,"href":"https:\/\/radiokalon.com\/index.php\/wp-json\/wp\/v2\/comments?post=389"}],"version-history":[{"count":1,"href":"https:\/\/radiokalon.com\/index.php\/wp-json\/wp\/v2\/posts\/389\/revisions"}],"predecessor-version":[{"id":390,"href":"https:\/\/radiokalon.com\/index.php\/wp-json\/wp\/v2\/posts\/389\/revisions\/390"}],"wp:attachment":[{"href":"https:\/\/radiokalon.com\/index.php\/wp-json\/wp\/v2\/media?parent=389"}],"wp:term":[{"taxonomy":"category","embeddable":true,"href":"https:\/\/radiokalon.com\/index.php\/wp-json\/wp\/v2\/categories?post=389"},{"taxonomy":"post_tag","embeddable":true,"href":"https:\/\/radiokalon.com\/index.php\/wp-json\/wp\/v2\/tags?post=389"}],"curies":[{"name":"wp","href":"https:\/\/api.w.org\/{rel}","templated":true}]}}