{"id":470,"date":"2021-03-09T21:07:00","date_gmt":"2021-03-09T20:07:00","guid":{"rendered":"http:\/\/www.radiokalon.fr\/?p=470"},"modified":"2021-03-09T21:07:25","modified_gmt":"2021-03-09T20:07:25","slug":"emmaus-redene-seconde-emission","status":"publish","type":"post","link":"https:\/\/radiokalon.com\/index.php\/2021\/03\/09\/emmaus-redene-seconde-emission\/","title":{"rendered":"Emmaus Redene :  seconde \u00e9mission!"},"content":{"rendered":"\n<p>Ecoutez la seconde \u00e9mission de la communaut\u00e9 Emmaus de Redene !<\/p>\n\n\n\n<figure class=\"wp-block-audio\"><audio controls src=\"https:\/\/radiokalon-wp.kaz.bzh\/wp-content\/uploads\/2021\/03\/Emission-EMMAUS-REDENE-2.mp3\"><\/audio><\/figure>\n\n\n\n<div class=\"wp-block-group\"><div class=\"wp-block-group__inner-container is-layout-flow wp-block-group-is-layout-flow\">\n<figure class=\"wp-block-image size-large\"><img loading=\"lazy\" decoding=\"async\" width=\"1024\" height=\"1024\" src=\"https:\/\/radiokalon-wp.kaz.bzh\/wp-content\/uploads\/2021\/03\/LOGO-EMMAUS-REDENE-en-plus-grand1-1024x1024.jpg\" alt=\"\" class=\"wp-image-468\" srcset=\"https:\/\/radiokalon.com\/wp-content\/uploads\/2021\/03\/LOGO-EMMAUS-REDENE-en-plus-grand1-1024x1024.jpg 1024w, https:\/\/radiokalon.com\/wp-content\/uploads\/2021\/03\/LOGO-EMMAUS-REDENE-en-plus-grand1-300x300.jpg 300w, https:\/\/radiokalon.com\/wp-content\/uploads\/2021\/03\/LOGO-EMMAUS-REDENE-en-plus-grand1-150x150.jpg 150w, https:\/\/radiokalon.com\/wp-content\/uploads\/2021\/03\/LOGO-EMMAUS-REDENE-en-plus-grand1-768x768.jpg 768w, https:\/\/radiokalon.com\/wp-content\/uploads\/2021\/03\/LOGO-EMMAUS-REDENE-en-plus-grand1-1536x1536.jpg 1536w, https:\/\/radiokalon.com\/wp-content\/uploads\/2021\/03\/LOGO-EMMAUS-REDENE-en-plus-grand1-450x450.jpg 450w, https:\/\/radiokalon.com\/wp-content\/uploads\/2021\/03\/LOGO-EMMAUS-REDENE-en-plus-grand1-60x60.jpg 60w, https:\/\/radiokalon.com\/wp-content\/uploads\/2021\/03\/LOGO-EMMAUS-REDENE-en-plus-grand1-550x550.jpg 550w, https:\/\/radiokalon.com\/wp-content\/uploads\/2021\/03\/LOGO-EMMAUS-REDENE-en-plus-grand1-560x560.jpg 560w, https:\/\/radiokalon.com\/wp-content\/uploads\/2021\/03\/LOGO-EMMAUS-REDENE-en-plus-grand1.jpg 1709w\" sizes=\"auto, (max-width: 1024px) 100vw, 1024px\" \/><\/figure>\n<\/div><\/div>\n\n\n\n<p>Retrouvez toutes nos \u00e9missions pr\u00e9c\u00e9dentes de nos autres <a href=\"https:\/\/radiokalon-wp.kaz.bzh\/index.php\/partenaires\/partenariats\/\">partenaires<\/a> dans la rubrique <a href=\"https:\/\/radiokalon-wp.kaz.bzh\/index.php\/podcasts\/\">PODCASTS<\/a><\/p>\n","protected":false},"excerpt":{"rendered":"<p>Ecoutez la seconde \u00e9mission de la communaut\u00e9 Emmaus de Redene ! Retrouvez toutes nos \u00e9missions pr\u00e9c\u00e9dentes de nos autres partenaires dans la rubrique PODCASTS<\/p>\n","protected":false},"author":1,"featured_media":448,"comment_status":"open","ping_status":"open","sticky":false,"template":"","format":"standard","meta":{"footnotes":""},"categories":[16],"tags":[],"class_list":["post-470","post","type-post","status-publish","format-standard","has-post-thumbnail","hentry","category-non-classe-fr"],"_links":{"self":[{"href":"https:\/\/radiokalon.com\/index.php\/wp-json\/wp\/v2\/posts\/470","targetHints":{"allow":["GET"]}}],"collection":[{"href":"https:\/\/radiokalon.com\/index.php\/wp-json\/wp\/v2\/posts"}],"about":[{"href":"https:\/\/radiokalon.com\/index.php\/wp-json\/wp\/v2\/types\/post"}],"author":[{"embeddable":true,"href":"https:\/\/radiokalon.com\/index.php\/wp-json\/wp\/v2\/users\/1"}],"replies":[{"embeddable":true,"href":"https:\/\/radiokalon.com\/index.php\/wp-json\/wp\/v2\/comments?post=470"}],"version-history":[{"count":2,"href":"https:\/\/radiokalon.com\/index.php\/wp-json\/wp\/v2\/posts\/470\/revisions"}],"predecessor-version":[{"id":472,"href":"https:\/\/radiokalon.com\/index.php\/wp-json\/wp\/v2\/posts\/470\/revisions\/472"}],"wp:featuredmedia":[{"embeddable":true,"href":"https:\/\/radiokalon.com\/index.php\/wp-json\/wp\/v2\/media\/448"}],"wp:attachment":[{"href":"https:\/\/radiokalon.com\/index.php\/wp-json\/wp\/v2\/media?parent=470"}],"wp:term":[{"taxonomy":"category","embeddable":true,"href":"https:\/\/radiokalon.com\/index.php\/wp-json\/wp\/v2\/categories?post=470"},{"taxonomy":"post_tag","embeddable":true,"href":"https:\/\/radiokalon.com\/index.php\/wp-json\/wp\/v2\/tags?post=470"}],"curies":[{"name":"wp","href":"https:\/\/api.w.org\/{rel}","templated":true}]}}