{"id":504,"date":"2021-04-08T14:24:54","date_gmt":"2021-04-08T12:24:54","guid":{"rendered":"http:\/\/www.radiokalon.fr\/?p=504"},"modified":"2021-04-08T14:24:54","modified_gmt":"2021-04-08T12:24:54","slug":"emmaus-redene-quatrieme-emission","status":"publish","type":"post","link":"https:\/\/radiokalon.com\/index.php\/2021\/04\/08\/emmaus-redene-quatrieme-emission\/","title":{"rendered":"Emmaus Redene :  quatri\u00e8me \u00e9mission!"},"content":{"rendered":"\n<p>Ecoutez la quatri\u00e8me \u00e9mission de la communaut\u00e9 Emmaus de Redene !<\/p>\n\n\n\n<figure class=\"wp-block-audio\"><audio controls src=\"https:\/\/radiokalon-wp.kaz.bzh\/wp-content\/uploads\/2021\/04\/Emission-EMMAUS-REDENE-4.mp3\"><\/audio><\/figure>\n\n\n\n<div class=\"wp-block-group\"><div class=\"wp-block-group__inner-container is-layout-flow wp-block-group-is-layout-flow\">\n<figure class=\"wp-block-image size-large\"><img loading=\"lazy\" decoding=\"async\" width=\"1024\" height=\"1024\" src=\"https:\/\/radiokalon-wp.kaz.bzh\/wp-content\/uploads\/2021\/03\/LOGO-EMMAUS-REDENE-en-plus-grand1-1024x1024.jpg\" alt=\"\" class=\"wp-image-468\" srcset=\"https:\/\/radiokalon.com\/wp-content\/uploads\/2021\/03\/LOGO-EMMAUS-REDENE-en-plus-grand1-1024x1024.jpg 1024w, https:\/\/radiokalon.com\/wp-content\/uploads\/2021\/03\/LOGO-EMMAUS-REDENE-en-plus-grand1-300x300.jpg 300w, https:\/\/radiokalon.com\/wp-content\/uploads\/2021\/03\/LOGO-EMMAUS-REDENE-en-plus-grand1-150x150.jpg 150w, https:\/\/radiokalon.com\/wp-content\/uploads\/2021\/03\/LOGO-EMMAUS-REDENE-en-plus-grand1-768x768.jpg 768w, https:\/\/radiokalon.com\/wp-content\/uploads\/2021\/03\/LOGO-EMMAUS-REDENE-en-plus-grand1-1536x1536.jpg 1536w, https:\/\/radiokalon.com\/wp-content\/uploads\/2021\/03\/LOGO-EMMAUS-REDENE-en-plus-grand1-450x450.jpg 450w, https:\/\/radiokalon.com\/wp-content\/uploads\/2021\/03\/LOGO-EMMAUS-REDENE-en-plus-grand1-60x60.jpg 60w, https:\/\/radiokalon.com\/wp-content\/uploads\/2021\/03\/LOGO-EMMAUS-REDENE-en-plus-grand1-550x550.jpg 550w, https:\/\/radiokalon.com\/wp-content\/uploads\/2021\/03\/LOGO-EMMAUS-REDENE-en-plus-grand1-560x560.jpg 560w, https:\/\/radiokalon.com\/wp-content\/uploads\/2021\/03\/LOGO-EMMAUS-REDENE-en-plus-grand1.jpg 1709w\" sizes=\"auto, (max-width: 1024px) 100vw, 1024px\" \/><\/figure>\n<\/div><\/div>\n\n\n\n<p>Retrouvez toutes nos \u00e9missions pr\u00e9c\u00e9dentes de nos autres <a href=\"https:\/\/radiokalon-wp.kaz.bzh\/index.php\/partenaires\/partenariats\/\">partenaires<\/a> dans la rubrique <a href=\"https:\/\/radiokalon-wp.kaz.bzh\/index.php\/podcasts\/\">PODCASTS<\/a><\/p>\n","protected":false},"excerpt":{"rendered":"<p>Ecoutez la quatri\u00e8me \u00e9mission de la communaut\u00e9 Emmaus de Redene ! Retrouvez toutes nos \u00e9missions pr\u00e9c\u00e9dentes de nos autres partenaires dans la rubrique PODCASTS<\/p>\n","protected":false},"author":1,"featured_media":448,"comment_status":"open","ping_status":"open","sticky":false,"template":"","format":"standard","meta":{"footnotes":""},"categories":[16],"tags":[],"class_list":["post-504","post","type-post","status-publish","format-standard","has-post-thumbnail","hentry","category-non-classe-fr"],"_links":{"self":[{"href":"https:\/\/radiokalon.com\/index.php\/wp-json\/wp\/v2\/posts\/504","targetHints":{"allow":["GET"]}}],"collection":[{"href":"https:\/\/radiokalon.com\/index.php\/wp-json\/wp\/v2\/posts"}],"about":[{"href":"https:\/\/radiokalon.com\/index.php\/wp-json\/wp\/v2\/types\/post"}],"author":[{"embeddable":true,"href":"https:\/\/radiokalon.com\/index.php\/wp-json\/wp\/v2\/users\/1"}],"replies":[{"embeddable":true,"href":"https:\/\/radiokalon.com\/index.php\/wp-json\/wp\/v2\/comments?post=504"}],"version-history":[{"count":1,"href":"https:\/\/radiokalon.com\/index.php\/wp-json\/wp\/v2\/posts\/504\/revisions"}],"predecessor-version":[{"id":505,"href":"https:\/\/radiokalon.com\/index.php\/wp-json\/wp\/v2\/posts\/504\/revisions\/505"}],"wp:featuredmedia":[{"embeddable":true,"href":"https:\/\/radiokalon.com\/index.php\/wp-json\/wp\/v2\/media\/448"}],"wp:attachment":[{"href":"https:\/\/radiokalon.com\/index.php\/wp-json\/wp\/v2\/media?parent=504"}],"wp:term":[{"taxonomy":"category","embeddable":true,"href":"https:\/\/radiokalon.com\/index.php\/wp-json\/wp\/v2\/categories?post=504"},{"taxonomy":"post_tag","embeddable":true,"href":"https:\/\/radiokalon.com\/index.php\/wp-json\/wp\/v2\/tags?post=504"}],"curies":[{"name":"wp","href":"https:\/\/api.w.org\/{rel}","templated":true}]}}